{"id":535,"date":"2020-12-18T13:46:58","date_gmt":"2020-12-18T12:46:58","guid":{"rendered":"https:\/\/blog.univ-angers.fr\/yvesdenechere\/?p=535"},"modified":"2022-02-24T08:41:34","modified_gmt":"2022-02-24T07:41:34","slug":"diplomatie-de-lenfance-et-construction-des-droits-des-enfants-aux-xxe-siecle","status":"publish","type":"post","link":"https:\/\/blog.univ-angers.fr\/yvesdenechere\/2020\/12\/18\/diplomatie-de-lenfance-et-construction-des-droits-des-enfants-aux-xxe-siecle\/","title":{"rendered":"\u00ab\u00a0Diplomatie de l&rsquo;enfance et construction des droits des enfants aux XXe si\u00e8cle\u00a0\u00bb"},"content":{"rendered":"<div>\n<p>Tout au long du xx<sup>e<\/sup> si\u00e8cle, investie d\u2019un r\u00f4le politique fort, l\u2019enfance est devenue une cause et un objet de diplomatie pour les \u00c9tats et des acteurs transnationaux. La construction progressive des droits de l\u2019enfant, \u00e0 l\u2019\u00e9chelle mondiale, l\u2019illustre particuli\u00e8rement.<\/p>\n<\/div>\n<p>Notice de l&rsquo;Encyclop\u00e9die d&rsquo;Histoire Num\u00e9rique de l&rsquo;Europe \u00e0 lire <a href=\"https:\/\/ehne.fr\/fr\/encyclopedie\/th%C3%A9matiques\/humanisme-europ%C3%A9en\/pratiques-diplomatiques-contemporaines\/diplomatie-de-l%E2%80%99enfance-et-construction-des-droits-des-enfants-au-xxe-si%C3%A8cle\">ici<\/a><\/p>\n<p><img loading=\"lazy\" decoding=\"async\" title=\"1. D\u00e9claration de Gen\u00e8ve, 1923 (Archives de l\u2019\u00c9tat de Gen\u00e8ve, Archives priv\u00e9es 33).  Les deux premi\u00e8res signatures sont celles de Gustave Ador (1845-1928), pr\u00e9sident du Comit\u00e9 international de la Croix-Rouge, et d\u2019Eglantyne Jebb (1876-1928), fondatrice de Save the Children Fund et de l\u2019Union internationale de secours aux enfants\" alt=\"1. D\u00e9claration de Gen\u00e8ve, 1923 (Archives de l\u2019\u00c9tat de Gen\u00e8ve, Archives priv\u00e9es 33).  Les deux premi\u00e8res signatures sont celles de Gustave Ador (1845-1928), pr\u00e9sident du Comit\u00e9 international de la Croix-Rouge, et d\u2019Eglantyne Jebb (1876-1928), fondatrice de Save the Children Fund et de l\u2019Union internationale de secours aux enfants\" src=\"https:\/\/ehne.fr\/sites\/default\/files\/styles\/image_notice\/public\/illustration\/decla.jpg?itok=ba82Xpf4\" width=\"276\" height=\"420\" \/><\/p>\n","protected":false},"excerpt":{"rendered":"<p>Tout au long du xxe si\u00e8cle, investie d\u2019un r\u00f4le politique fort, l\u2019enfance est devenue une cause et un objet de diplomatie pour les \u00c9tats et des acteurs transnationaux. La construction progressive des droits de l\u2019enfant, \u00e0 l\u2019\u00e9chelle mondiale, l\u2019illustre particuli\u00e8rement. &hellip; <a href=\"https:\/\/blog.univ-angers.fr\/yvesdenechere\/2020\/12\/18\/diplomatie-de-lenfance-et-construction-des-droits-des-enfants-aux-xxe-siecle\/\">Continuer la lecture <span class=\"meta-nav\">&rarr;<\/span><\/a><\/p>\n","protected":false},"author":15550,"featured_media":0,"comment_status":"closed","ping_status":"closed","sticky":false,"template":"","format":"standard","meta":{"footnotes":""},"categories":[1],"tags":[],"class_list":["post-535","post","type-post","status-publish","format-standard","hentry","category-non-classe"],"_links":{"self":[{"href":"https:\/\/blog.univ-angers.fr\/yvesdenechere\/wp-json\/wp\/v2\/posts\/535","targetHints":{"allow":["GET"]}}],"collection":[{"href":"https:\/\/blog.univ-angers.fr\/yvesdenechere\/wp-json\/wp\/v2\/posts"}],"about":[{"href":"https:\/\/blog.univ-angers.fr\/yvesdenechere\/wp-json\/wp\/v2\/types\/post"}],"author":[{"embeddable":true,"href":"https:\/\/blog.univ-angers.fr\/yvesdenechere\/wp-json\/wp\/v2\/users\/15550"}],"replies":[{"embeddable":true,"href":"https:\/\/blog.univ-angers.fr\/yvesdenechere\/wp-json\/wp\/v2\/comments?post=535"}],"version-history":[{"count":0,"href":"https:\/\/blog.univ-angers.fr\/yvesdenechere\/wp-json\/wp\/v2\/posts\/535\/revisions"}],"wp:attachment":[{"href":"https:\/\/blog.univ-angers.fr\/yvesdenechere\/wp-json\/wp\/v2\/media?parent=535"}],"wp:term":[{"taxonomy":"category","embeddable":true,"href":"https:\/\/blog.univ-angers.fr\/yvesdenechere\/wp-json\/wp\/v2\/categories?post=535"},{"taxonomy":"post_tag","embeddable":true,"href":"https:\/\/blog.univ-angers.fr\/yvesdenechere\/wp-json\/wp\/v2\/tags?post=535"}],"curies":[{"name":"wp","href":"https:\/\/api.w.org\/{rel}","templated":true}]}}