{"id":962,"date":"2024-11-25T21:12:30","date_gmt":"2024-11-25T20:12:30","guid":{"rendered":"https:\/\/blog.univ-angers.fr\/voxcampus\/?p=962"},"modified":"2024-11-25T21:13:30","modified_gmt":"2024-11-25T20:13:30","slug":"concert-de-noel-2024-de-vox-campus","status":"publish","type":"post","link":"https:\/\/blog.univ-angers.fr\/voxcampus\/2024\/11\/25\/concert-de-noel-2024-de-vox-campus\/","title":{"rendered":"Concert de No\u00ebl 2024 de Vox Campus !!!"},"content":{"rendered":"\n<p>Le ch\u0153ur et l&rsquo;orchestre de l&rsquo;Universit\u00e9 d&rsquo;Angers donneront leur concert de No\u00ebl 2024 le mercredi 18 d\u00e9cembre en l&rsquo;\u00e9glise Ste Th\u00e9r\u00e8se, place Sainte-Th\u00e9r\u00e8se \u00e0 Angers (Doutre)<\/p>\n\n\n\n<figure class=\"wp-block-image size-large\"><a href=\"https:\/\/blog.univ-angers.fr\/voxcampus\/files\/2024\/11\/20241118-Concert-de-Noel-scaled.jpg\"><img loading=\"lazy\" decoding=\"async\" width=\"724\" height=\"1024\" src=\"https:\/\/blog.univ-angers.fr\/voxcampus\/files\/2024\/11\/20241118-Concert-de-Noel-724x1024.jpg\" alt=\"\" class=\"wp-image-963\" srcset=\"https:\/\/blog.univ-angers.fr\/voxcampus\/files\/2024\/11\/20241118-Concert-de-Noel-724x1024.jpg 724w, https:\/\/blog.univ-angers.fr\/voxcampus\/files\/2024\/11\/20241118-Concert-de-Noel-212x300.jpg 212w, https:\/\/blog.univ-angers.fr\/voxcampus\/files\/2024\/11\/20241118-Concert-de-Noel-768x1086.jpg 768w, https:\/\/blog.univ-angers.fr\/voxcampus\/files\/2024\/11\/20241118-Concert-de-Noel-1086x1536.jpg 1086w, https:\/\/blog.univ-angers.fr\/voxcampus\/files\/2024\/11\/20241118-Concert-de-Noel-1448x2048.jpg 1448w, https:\/\/blog.univ-angers.fr\/voxcampus\/files\/2024\/11\/20241118-Concert-de-Noel-scaled.jpg 1810w\" sizes=\"auto, (max-width: 724px) 100vw, 724px\" \/><\/a><\/figure>\n","protected":false},"excerpt":{"rendered":"<p>Le ch\u0153ur et l&rsquo;orchestre de l&rsquo;Universit\u00e9 d&rsquo;Angers donneront leur concert de No\u00ebl 2024 le mercredi 18 d\u00e9cembre en l&rsquo;\u00e9glise Ste Th\u00e9r\u00e8se, place Sainte-Th\u00e9r\u00e8se \u00e0 Angers (Doutre)<\/p>\n","protected":false},"author":7672,"featured_media":0,"comment_status":"closed","ping_status":"closed","sticky":false,"template":"","format":"standard","meta":{"footnotes":""},"categories":[1],"tags":[],"class_list":["post-962","post","type-post","status-publish","format-standard","hentry","category-non-classe"],"_links":{"self":[{"href":"https:\/\/blog.univ-angers.fr\/voxcampus\/wp-json\/wp\/v2\/posts\/962","targetHints":{"allow":["GET"]}}],"collection":[{"href":"https:\/\/blog.univ-angers.fr\/voxcampus\/wp-json\/wp\/v2\/posts"}],"about":[{"href":"https:\/\/blog.univ-angers.fr\/voxcampus\/wp-json\/wp\/v2\/types\/post"}],"author":[{"embeddable":true,"href":"https:\/\/blog.univ-angers.fr\/voxcampus\/wp-json\/wp\/v2\/users\/7672"}],"replies":[{"embeddable":true,"href":"https:\/\/blog.univ-angers.fr\/voxcampus\/wp-json\/wp\/v2\/comments?post=962"}],"version-history":[{"count":2,"href":"https:\/\/blog.univ-angers.fr\/voxcampus\/wp-json\/wp\/v2\/posts\/962\/revisions"}],"predecessor-version":[{"id":965,"href":"https:\/\/blog.univ-angers.fr\/voxcampus\/wp-json\/wp\/v2\/posts\/962\/revisions\/965"}],"wp:attachment":[{"href":"https:\/\/blog.univ-angers.fr\/voxcampus\/wp-json\/wp\/v2\/media?parent=962"}],"wp:term":[{"taxonomy":"category","embeddable":true,"href":"https:\/\/blog.univ-angers.fr\/voxcampus\/wp-json\/wp\/v2\/categories?post=962"},{"taxonomy":"post_tag","embeddable":true,"href":"https:\/\/blog.univ-angers.fr\/voxcampus\/wp-json\/wp\/v2\/tags?post=962"}],"curies":[{"name":"wp","href":"https:\/\/api.w.org\/{rel}","templated":true}]}}