{"id":466,"date":"2019-12-03T23:05:07","date_gmt":"2019-12-03T22:05:07","guid":{"rendered":"https:\/\/blog.univ-angers.fr\/voxcampus\/?p=466"},"modified":"2022-09-20T09:06:52","modified_gmt":"2022-09-20T08:06:52","slug":"concert-des-chorales-vox-campus-et-des-enfants-de-murcie-le-8-decembre","status":"publish","type":"post","link":"https:\/\/blog.univ-angers.fr\/voxcampus\/2019\/12\/03\/concert-des-chorales-vox-campus-et-des-enfants-de-murcie-le-8-decembre\/","title":{"rendered":"Concert des chorales Vox Campus et des enfants de Murcie le 8 d\u00e9cembre"},"content":{"rendered":"<p>Un concert commun des chorales Vox Campus et des enfants de Murcie (\u00c9tat espagnol) se tiendra en l&rsquo;<strong>\u00c9glise St Serge<\/strong>, avenue Marie Talet \u00e0 Angers, <strong>dimanche 8 d\u00e9cembre<\/strong> 2019 \u00e0 <strong>15h<\/strong>. Vox campus, en premi\u00e8re partie, sera dirig\u00e9 par <strong>Olivier Villeret<\/strong> tandis que le ch\u0153ur des jeunes <strong>Orfeon Murciano<\/strong>, en deuxi\u00e8me partie, sera plac\u00e9 sous la direction de <strong>Rodrigo Calzada Pe\u00f1a<\/strong>.<\/p>\n<p><a href=\"https:\/\/blog.univ-angers.fr\/voxcampus\/files\/2019\/12\/Conc191208.jpg\"><img loading=\"lazy\" decoding=\"async\" src=\"https:\/\/blog.univ-angers.fr\/voxcampus\/files\/2019\/12\/Conc191208-212x300.jpg\" alt=\"Conc191208\" class=\"alignnone size-medium wp-image-467\" width=\"212\" height=\"300\" srcset=\"https:\/\/blog.univ-angers.fr\/voxcampus\/files\/2019\/12\/Conc191208-212x300.jpg 212w, https:\/\/blog.univ-angers.fr\/voxcampus\/files\/2019\/12\/Conc191208-724x1024.jpg 724w, https:\/\/blog.univ-angers.fr\/voxcampus\/files\/2019\/12\/Conc191208.jpg 1181w\" sizes=\"auto, (max-width: 212px) 100vw, 212px\" \/><\/a><\/p>\n","protected":false},"excerpt":{"rendered":"<p>Un concert commun des chorales Vox Campus et des enfants de Murcie (\u00c9tat espagnol) se tiendra en l&rsquo;\u00c9glise St Serge, avenue Marie Talet \u00e0 Angers, dimanche 8 d\u00e9cembre 2019 \u00e0 15h. Vox campus, en premi\u00e8re partie, sera dirig\u00e9 par Olivier &hellip; <a href=\"https:\/\/blog.univ-angers.fr\/voxcampus\/2019\/12\/03\/concert-des-chorales-vox-campus-et-des-enfants-de-murcie-le-8-decembre\/\">Continuer la lecture <span class=\"meta-nav\">&rarr;<\/span><\/a><\/p>\n","protected":false},"author":7672,"featured_media":0,"comment_status":"closed","ping_status":"closed","sticky":false,"template":"","format":"standard","meta":{"footnotes":""},"categories":[1],"tags":[],"class_list":["post-466","post","type-post","status-publish","format-standard","hentry","category-non-classe"],"_links":{"self":[{"href":"https:\/\/blog.univ-angers.fr\/voxcampus\/wp-json\/wp\/v2\/posts\/466","targetHints":{"allow":["GET"]}}],"collection":[{"href":"https:\/\/blog.univ-angers.fr\/voxcampus\/wp-json\/wp\/v2\/posts"}],"about":[{"href":"https:\/\/blog.univ-angers.fr\/voxcampus\/wp-json\/wp\/v2\/types\/post"}],"author":[{"embeddable":true,"href":"https:\/\/blog.univ-angers.fr\/voxcampus\/wp-json\/wp\/v2\/users\/7672"}],"replies":[{"embeddable":true,"href":"https:\/\/blog.univ-angers.fr\/voxcampus\/wp-json\/wp\/v2\/comments?post=466"}],"version-history":[{"count":1,"href":"https:\/\/blog.univ-angers.fr\/voxcampus\/wp-json\/wp\/v2\/posts\/466\/revisions"}],"predecessor-version":[{"id":655,"href":"https:\/\/blog.univ-angers.fr\/voxcampus\/wp-json\/wp\/v2\/posts\/466\/revisions\/655"}],"wp:attachment":[{"href":"https:\/\/blog.univ-angers.fr\/voxcampus\/wp-json\/wp\/v2\/media?parent=466"}],"wp:term":[{"taxonomy":"category","embeddable":true,"href":"https:\/\/blog.univ-angers.fr\/voxcampus\/wp-json\/wp\/v2\/categories?post=466"},{"taxonomy":"post_tag","embeddable":true,"href":"https:\/\/blog.univ-angers.fr\/voxcampus\/wp-json\/wp\/v2\/tags?post=466"}],"curies":[{"name":"wp","href":"https:\/\/api.w.org\/{rel}","templated":true}]}}