{"id":262,"date":"2012-11-26T08:58:02","date_gmt":"2012-11-26T07:58:02","guid":{"rendered":"https:\/\/blog.univ-angers.fr\/rj45\/?p=262"},"modified":"2012-11-26T08:58:02","modified_gmt":"2012-11-26T07:58:02","slug":"mon-generaliste-nest-pas-un-specialiste","status":"publish","type":"post","link":"https:\/\/blog.univ-angers.fr\/rj45\/2012\/11\/26\/mon-generaliste-nest-pas-un-specialiste\/","title":{"rendered":"Mon g\u00e9n\u00e9raliste n&rsquo;est pas un sp\u00e9cialiste"},"content":{"rendered":"<p><a title=\"De quoi \u00e7a a l\u2019ERE ?\" href=\"https:\/\/blog.univ-angers.fr\/rj45\/2012\/11\/19\/de-quoi-ca-a-lere\/\">Un billet r\u00e9cent<\/a> parlant en fait de tout autre chose a vu \u00e9merger <a href=\"https:\/\/blog.univ-angers.fr\/rj45\/2012\/11\/19\/de-quoi-ca-a-lere\/#comment-286\">dans ses commentaires<\/a> une des questions qui me tiennent \u00e0 coeur, celle de savoir si les n\u00e9gociations Couperin doivent \u00eatre men\u00e9es par des volontaires de la profession (dont je salue ici l&rsquo;engagement), ou par des n\u00e9gociateurs ext\u00e9rieurs sp\u00e9cialis\u00e9s, recrut\u00e9s seulement pour cela.<\/p>\n<p>Cette probl\u00e9matique, en fait, croise la probl\u00e9matique plus large de notre (non)professionnalisation dans les domaines qui ne sont pas traditionnellement au coeur notre m\u00e9tier. En l&rsquo;esp\u00e8ce, il me semble que nous avons collectivement tendance \u00e0 penser que, parce que nous sommes des g\u00e9n\u00e9ralistes, nous saurons ou savons remplir toutes les fonctions, y compris les plus\u00a0sp\u00e9cialis\u00e9es.<\/p>\n<p>Et il me semble que c&rsquo;est une grave erreur dont on constate les effets, donc, sans doute sur les n\u00e9gociations commerciales dont il est question plus haut (je reste persuad\u00e9 que les \u00e9diteurs nous baladent un peu comme ils le veulent), mais aussi, par exemple :<\/p>\n<ul>\n<li>quand nous nous piquons de monter des supports de comm&rsquo; visuelle dont, tr\u00e8s souvent, le principal effet est de faire saigner les yeux de ceux qui les regardent (la comm&rsquo;, c&rsquo;est un m\u00e9tier, il y a des \u00e9coles pour \u00e7a) ;<\/li>\n<li>quand nous nous engageons en toute bonne foi dans des dossiers du type \u00ab\u00a0portail\u00a0\u00bb de biblioth\u00e8ques et autres outils informatiques \u00ab\u00a0tr\u00e8s techniques\u00a0\u00bb avec comme bagage le seul l\u00e9ger vernis acquis au cours de notre formation (l&rsquo;informatique, c&rsquo;est un m\u00e9tier, il y a des \u00e9coles pour \u00e7a) ;<\/li>\n<\/ul>\n<p>avec pour effets, si je reprends les deux exemples ci-dessus :<\/p>\n<ul>\n<li>de nous faire perdre toute cr\u00e9dibilit\u00e9 aupr\u00e8s de nos usagers et d&rsquo;obtenir, au mieux, un effet de confortation dans l&rsquo;image ringarde que nous avons encore souvent ; au pire, un magnifique effet repoussoir ;<\/li>\n<li>de nous retrouver avec des usines (informatique) \u00e0 gaz que nous ne ma\u00eetrisons pas, qui ne fonctionnent pas, ne rendent pas les services attendus, et ont co\u00fbt\u00e9 \u00e0 la collectivit\u00e9 des sommes avec plusieurs z\u00e9ros quand des outils plus performants et beaucoup moins chers existent (en l&rsquo;esp\u00e8ce d&rsquo;ailleurs, je constate souvent que le fait de savoir \u00e0 peu pr\u00e8s de quoi on parle dans ce domaine \u00e9vite que l&rsquo;on me raconte et vende n&rsquo;importe quoi sous couvert d&rsquo;un discours technique totalement bidon mais ind\u00e9celable par un cons&rsquo; g\u00e9n\u00e9raliste) ;<\/li>\n<\/ul>\n<p>De fait, je pense que d\u00e8s que nous sortons de notre coeur de m\u00e9tier (i.e. la documentation, sa gestion et sa mise \u00e0 disposition) et quelle que soit notre entrain \u00e0 nous attaquer \u00e0 ces questions de sp\u00e9cialistes, nous prenons le risque certain de mal faire (sauf tr\u00e8s rares exceptions qui ne constitueront jamais la r\u00e8gle).<\/p>\n<p>En r\u00e9sum\u00e9, le fait de savoir sous quelle cote sont rang\u00e9s les manuels de commerce ou de comm&rsquo; ou d&rsquo;informatique ne fait pas de nous des commerciaux ou des communicants ou des informaticiens, mais montre simplement que nous savons o\u00f9 est la documentation \u2014 c&rsquo;est tout et c&rsquo;est \u00e7a notre m\u00e9tier.<\/p>\n<p>Et l&rsquo;une des cons\u00e9quences logiques des constats de ce billet est que notre formation initiale ne doit plus \u00eatre une formation de g\u00e9n\u00e9ralistes comme elle continue \u00e0 l&rsquo;\u00eatre, mais une formation de vrais sp\u00e9cialistes \u00e0 l&rsquo;issue de laquelle on trouvera enfin sur le terrain des (bib)managers, des (bib)communicants,\u00a0 des (bib)n\u00e9gociateurs, des (bib)informaticiens, etc.<\/p>\n<p>Sans cette logique de sp\u00e9cialisation qui participe de notre\u00a0professionnalisation collective encore tr\u00e8s largement \u00e0 faire, nous continuerons \u00e0 \u00eatre ce que nous sommes : de tr\u00e8s bons \u00e9l\u00e8ves, emplis de bonne volont\u00e9 et de courage, et qui sont surtout des proies faciles.<\/p>\n<!-- AddThis Advanced Settings generic via filter on the_content --><!-- AddThis Share Buttons generic via filter on the_content -->","protected":false},"excerpt":{"rendered":"<p>Un billet r\u00e9cent parlant en fait de tout autre chose a vu \u00e9merger dans ses commentaires une des questions qui me tiennent \u00e0 coeur, celle de savoir si les n\u00e9gociations Couperin doivent \u00eatre men\u00e9es par des volontaires de la profession &hellip; <a href=\"https:\/\/blog.univ-angers.fr\/rj45\/2012\/11\/26\/mon-generaliste-nest-pas-un-specialiste\/\">Continuer la lecture <span class=\"meta-nav\">&rarr;<\/span><\/a><!-- AddThis Advanced Settings generic via filter on get_the_excerpt --><!-- AddThis Share Buttons generic via filter on get_the_excerpt --><\/p>\n","protected":false},"author":4543,"featured_media":0,"comment_status":"open","ping_status":"open","sticky":false,"template":"","format":"standard","meta":{"footnotes":""},"categories":[5,7],"tags":[],"class_list":["post-262","post","type-post","status-publish","format-standard","hentry","category-formation","category-metier"],"_links":{"self":[{"href":"https:\/\/blog.univ-angers.fr\/rj45\/wp-json\/wp\/v2\/posts\/262","targetHints":{"allow":["GET"]}}],"collection":[{"href":"https:\/\/blog.univ-angers.fr\/rj45\/wp-json\/wp\/v2\/posts"}],"about":[{"href":"https:\/\/blog.univ-angers.fr\/rj45\/wp-json\/wp\/v2\/types\/post"}],"author":[{"embeddable":true,"href":"https:\/\/blog.univ-angers.fr\/rj45\/wp-json\/wp\/v2\/users\/4543"}],"replies":[{"embeddable":true,"href":"https:\/\/blog.univ-angers.fr\/rj45\/wp-json\/wp\/v2\/comments?post=262"}],"version-history":[{"count":29,"href":"https:\/\/blog.univ-angers.fr\/rj45\/wp-json\/wp\/v2\/posts\/262\/revisions"}],"predecessor-version":[{"id":291,"href":"https:\/\/blog.univ-angers.fr\/rj45\/wp-json\/wp\/v2\/posts\/262\/revisions\/291"}],"wp:attachment":[{"href":"https:\/\/blog.univ-angers.fr\/rj45\/wp-json\/wp\/v2\/media?parent=262"}],"wp:term":[{"taxonomy":"category","embeddable":true,"href":"https:\/\/blog.univ-angers.fr\/rj45\/wp-json\/wp\/v2\/categories?post=262"},{"taxonomy":"post_tag","embeddable":true,"href":"https:\/\/blog.univ-angers.fr\/rj45\/wp-json\/wp\/v2\/tags?post=262"}],"curies":[{"name":"wp","href":"https:\/\/api.w.org\/{rel}","templated":true}]}}