{"id":94,"date":"2016-09-07T11:01:01","date_gmt":"2016-09-07T10:01:01","guid":{"rendered":"https:\/\/blog.univ-angers.fr\/fondsspe\/?p=94"},"modified":"2023-12-21T15:22:57","modified_gmt":"2023-12-21T14:22:57","slug":"ana-maria-shua-ecrire-lessentiel","status":"publish","type":"post","link":"https:\/\/blog.univ-angers.fr\/fondsspe\/2016\/09\/07\/ana-maria-shua-ecrire-lessentiel\/","title":{"rendered":"Ana Mar\u00eda Shua, \u00e9crire l&rsquo;essentiel"},"content":{"rendered":"\n<p>\u00ab\u00a0L&rsquo;homme peint bien, c&rsquo;est certain, mais il boit beaucoup d&rsquo;absinthe, il est violent, capricieux et il devient tr\u00e8s difficile de partager sa vie. Prenant une r\u00e9solution radicale, d&rsquo;une coupure nette, l&rsquo;oreille se s\u00e9pare d\u00e9finitivement de Van Gogh.\u00a0\u00bb<\/p>\n\n\n\n<!--more-->\n\n\n\n<p>Minifiction d&rsquo;Ana Maria Shua intitul\u00e9e \u00ab\u00a0Cohabitation impossible\u00a0\u00bb in <em>La saison des fant\u00f4mes<\/em> aux \u00e9ditions Cataplum.<\/p>\n\n\n\n<p>La Biblioth\u00e8que Universitaire de Belle-Beille, en lien avec le d\u00e9partement d&rsquo; Espagnol a accueilli le 15 mai 2012, dans l&rsquo;espace Burgess, l&rsquo;\u00e9crivaine argentine Ana Mar\u00eda Shua.<\/p>\n\n\n\n<p>Ana Mar\u00eda Shua est n\u00e9e \u00e0 Buenos Aires en 1951. Auteure inspir\u00e9e, elle a publi\u00e9 de nombreux ouvrages dans des genres tr\u00e8s diff\u00e9rents, roman, conte, po\u00e9sie, livre pour enfants. Cependant elle est surtout connue pour ses recueils de r\u00e9cits courts, dits micro-r\u00e9cits ou encore micro-fictions, genre litt\u00e9raire hybride, d&rsquo;une bri\u00e8vet\u00e9 extr\u00eame, aux fronti\u00e8res du conte, de la po\u00e9sie, de l&rsquo;aphorisme. Publi\u00e9 en 2009, le recueil <em>Cazadores de letras<\/em> r\u00e9unit ses 4 livres de minifiction, et en 2011 plus de 50 textes in\u00e9dits paraissent dans <em>Fen\u00f3menos de circo<\/em>.<\/p>\n\n\n\n<p>D\u00e9couvrez l&rsquo;univers de la micro-fiction \u00e0 travers plusieurs ouvrages disponibles \u00e0 la biblioth\u00e8que, <em>Brevisima relacion : nueva antolog\u00eda del microcuento hispanoamericano<\/em> par Juan Armando  Epple, ou bien <em>Relatos vertiginosos : antolog\u00eda de cuentos m\u00ednimos<\/em> de Lauro Zavala ou encore <em>La otra mirada : antolog\u00eda del microrrelato hisp\u00e1nico<\/em>, textes r\u00e9unis par David  Lagmanovich.<\/p>\n\n\n\n<p>Genevi\u00e8ve Leclerc, mai 2012<\/p>\n","protected":false},"excerpt":{"rendered":"<p>\u00ab\u00a0L&rsquo;homme peint bien, c&rsquo;est certain, mais il boit beaucoup d&rsquo;absinthe, il est violent, capricieux et il devient tr\u00e8s difficile de partager sa vie. Prenant une r\u00e9solution radicale, d&rsquo;une coupure nette, l&rsquo;oreille se s\u00e9pare d\u00e9finitivement de Van Gogh.\u00a0\u00bb<\/p>\n","protected":false},"author":6132,"featured_media":0,"comment_status":"open","ping_status":"open","sticky":false,"template":"","format":"standard","meta":{"footnotes":""},"categories":[86,6999],"tags":[162,163,164],"class_list":["post-94","post","type-post","status-publish","format-standard","hentry","category-evenement-autour-des-fonds-litteraires","category-evenements","tag-ana-maria-shua","tag-litterature-argentine","tag-microfiction"],"_links":{"self":[{"href":"https:\/\/blog.univ-angers.fr\/fondsspe\/wp-json\/wp\/v2\/posts\/94","targetHints":{"allow":["GET"]}}],"collection":[{"href":"https:\/\/blog.univ-angers.fr\/fondsspe\/wp-json\/wp\/v2\/posts"}],"about":[{"href":"https:\/\/blog.univ-angers.fr\/fondsspe\/wp-json\/wp\/v2\/types\/post"}],"author":[{"embeddable":true,"href":"https:\/\/blog.univ-angers.fr\/fondsspe\/wp-json\/wp\/v2\/users\/6132"}],"replies":[{"embeddable":true,"href":"https:\/\/blog.univ-angers.fr\/fondsspe\/wp-json\/wp\/v2\/comments?post=94"}],"version-history":[{"count":2,"href":"https:\/\/blog.univ-angers.fr\/fondsspe\/wp-json\/wp\/v2\/posts\/94\/revisions"}],"predecessor-version":[{"id":338,"href":"https:\/\/blog.univ-angers.fr\/fondsspe\/wp-json\/wp\/v2\/posts\/94\/revisions\/338"}],"wp:attachment":[{"href":"https:\/\/blog.univ-angers.fr\/fondsspe\/wp-json\/wp\/v2\/media?parent=94"}],"wp:term":[{"taxonomy":"category","embeddable":true,"href":"https:\/\/blog.univ-angers.fr\/fondsspe\/wp-json\/wp\/v2\/categories?post=94"},{"taxonomy":"post_tag","embeddable":true,"href":"https:\/\/blog.univ-angers.fr\/fondsspe\/wp-json\/wp\/v2\/tags?post=94"}],"curies":[{"name":"wp","href":"https:\/\/api.w.org\/{rel}","templated":true}]}}