{"id":110,"date":"2016-09-07T14:42:25","date_gmt":"2016-09-07T13:42:25","guid":{"rendered":"https:\/\/blog.univ-angers.fr\/fondsspe\/?p=110"},"modified":"2024-09-28T15:54:16","modified_gmt":"2024-09-28T14:54:16","slug":"et-si-on-ordonnait-des-femmes","status":"publish","type":"post","link":"https:\/\/blog.univ-angers.fr\/fondsspe\/2016\/09\/07\/et-si-on-ordonnait-des-femmes\/","title":{"rendered":"Et si on ordonnait des femmes&#8230; ?"},"content":{"rendered":"\n<p><em>Et si on ordonnait des femmes\u2026 ?<\/em> est un ouvrage \u00e9puis\u00e9, rare, presque introuvable, que la biblioth\u00e8que universitaire d&rsquo;Angers a eu la chance de recevoir en don r\u00e9cemment.<br> Ce livre d\u2019une actualit\u00e9 aigu\u00eb, notamment au moment de l&rsquo;\u00e9lection d&rsquo;un nouveau Pape, a \u00e9t\u00e9 peu diffus\u00e9 depuis sa parution en 1982, car il paraissait &#8211; et para\u00eet toujours &#8211; trop scandaleux.<br> Les trois auteures, trois th\u00e9ologiennes catholiques, ont examin\u00e9 les arguments qui s&rsquo;opposent \u00e0 l&rsquo;ordination des femmes et les ont r\u00e9fut\u00e9s un \u00e0 un par une approche intellectuelle et non revendicative. Elles se contentent de r\u00e9clamer l&rsquo;ordination au diaconat et \u00e0 la pr\u00eatrise.<\/p>\n\n\n\n<!--more-->\n\n\n\n<p>Mais pourquoi les femmes ne pourraient-elles pas devenir aussi \u00e9v\u00eaques, \u00ab cardinales \u00bb, et m\u00eame Papesses ? En effet, l&rsquo;ordination de femmes comme pasteurs est une pratique de nos jours r\u00e9pandue dans diverses confessions protestantes, principalement europ\u00e9ennes (notamment l\u2019Eglise anglicane). En 2009, Margot K\u00e4ssmann, une femme \u00e9v\u00eaque, acc\u00e8de pour la premi\u00e8re fois \u00e0 la pr\u00e9sidence de l\u2019Eglise \u00e9vang\u00e9lique en Allemagne, l\u2019une des plus importantes du monde protestant.<br>\nPar contre, l\u2019Eglise catholique s\u2019oppose farouchement \u00e0 l\u2019ordination des femmes, bien que celles-ci soient nombreuses \u00e0 se d\u00e9vouer pour elle, bien souvent b\u00e9n\u00e9volement. Depuis 2007, un d\u00e9cret du Vatican excommunie d&rsquo;office tout pr\u00eatre qui proc\u00e8de \u00e0 une ordination de femme et toute femme qui tente de devenir pr\u00eatre.<br>\nL\u2019int\u00e9r\u00eat suscit\u00e9 par la l\u00e9gende de la Papesse Jeanne, qui serait mont\u00e9e sur le tr\u00f4ne pontifical et aurait r\u00e9gn\u00e9 quelques mois au IXe si\u00e8cle, se manifeste dans de nombreux r\u00e9cits sur ce personnage l\u00e9gendaire, tel <em>La Papesse Jeanne<\/em>, de Alain Boureau ou de Lawrence Durrell, ou encore la nouvelle de Bertolt Brecht, publi\u00e9e dans le recueil <em>Jean la Chance et autres in\u00e9dits<\/em>.<br>\nLa question de l\u2019ordination des femmes int\u00e9resse toujours autant. En t\u00e9moignent d\u2019autres ouvrages comme <em>Des femmes pr\u00eatres ?<\/em>, de Janine Hourcade, ou <em>L&rsquo;ordination des femmes dans l&rsquo;\u00c9glise catholique : r\u00e9flexions sur une \u00ab\u00a0tradition du coucou\u00a0\u00bb<\/em>, de John Wijngaards, ou <em>La femme dans l&rsquo;Eglise : tradition chr\u00e9tienne et th\u00e9ologie f\u00e9ministe<\/em>, de Anne E. Carr.<\/p>\n\n\n\n<p>Le 27 mars 2013<\/p>\n","protected":false},"excerpt":{"rendered":"<p>Et si on ordonnait des femmes\u2026 ? est un ouvrage \u00e9puis\u00e9, rare, presque introuvable, que la biblioth\u00e8que universitaire d&rsquo;Angers a eu la chance de recevoir en don r\u00e9cemment. Ce livre d\u2019une actualit\u00e9 aigu\u00eb, notamment au moment de l&rsquo;\u00e9lection d&rsquo;un nouveau &hellip; <a href=\"https:\/\/blog.univ-angers.fr\/fondsspe\/2016\/09\/07\/et-si-on-ordonnait-des-femmes\/\">Continuer la lecture <span class=\"meta-nav\">&rarr;<\/span><\/a><\/p>\n","protected":false},"author":6132,"featured_media":0,"comment_status":"open","ping_status":"open","sticky":false,"template":"","format":"standard","meta":{"footnotes":""},"categories":[71,6997],"tags":[222,219,225,221,228,106,217,218,227,220,226,216,122,223],"class_list":["post-110","post","type-post","status-publish","format-standard","hentry","category-critique-feministe","category-femmes-feminisme","tag-cardinal","tag-diaconat","tag-eglise-catholique","tag-eveque","tag-excommunication","tag-femmes","tag-ordination","tag-pape","tag-papesse-jeanne","tag-pretrise","tag-protestantisme","tag-religion","tag-sexisme","tag-theologienne"],"_links":{"self":[{"href":"https:\/\/blog.univ-angers.fr\/fondsspe\/wp-json\/wp\/v2\/posts\/110","targetHints":{"allow":["GET"]}}],"collection":[{"href":"https:\/\/blog.univ-angers.fr\/fondsspe\/wp-json\/wp\/v2\/posts"}],"about":[{"href":"https:\/\/blog.univ-angers.fr\/fondsspe\/wp-json\/wp\/v2\/types\/post"}],"author":[{"embeddable":true,"href":"https:\/\/blog.univ-angers.fr\/fondsspe\/wp-json\/wp\/v2\/users\/6132"}],"replies":[{"embeddable":true,"href":"https:\/\/blog.univ-angers.fr\/fondsspe\/wp-json\/wp\/v2\/comments?post=110"}],"version-history":[{"count":1,"href":"https:\/\/blog.univ-angers.fr\/fondsspe\/wp-json\/wp\/v2\/posts\/110\/revisions"}],"predecessor-version":[{"id":272,"href":"https:\/\/blog.univ-angers.fr\/fondsspe\/wp-json\/wp\/v2\/posts\/110\/revisions\/272"}],"wp:attachment":[{"href":"https:\/\/blog.univ-angers.fr\/fondsspe\/wp-json\/wp\/v2\/media?parent=110"}],"wp:term":[{"taxonomy":"category","embeddable":true,"href":"https:\/\/blog.univ-angers.fr\/fondsspe\/wp-json\/wp\/v2\/categories?post=110"},{"taxonomy":"post_tag","embeddable":true,"href":"https:\/\/blog.univ-angers.fr\/fondsspe\/wp-json\/wp\/v2\/tags?post=110"}],"curies":[{"name":"wp","href":"https:\/\/api.w.org\/{rel}","templated":true}]}}