{"id":104,"date":"2016-09-07T13:24:33","date_gmt":"2016-09-07T12:24:33","guid":{"rendered":"https:\/\/blog.univ-angers.fr\/fondsspe\/?p=104"},"modified":"2023-12-21T15:18:11","modified_gmt":"2023-12-21T14:18:11","slug":"lintegration-du-scd-dangers-au-reseau-calames-2","status":"publish","type":"post","link":"https:\/\/blog.univ-angers.fr\/fondsspe\/2016\/09\/07\/lintegration-du-scd-dangers-au-reseau-calames-2\/","title":{"rendered":"L&rsquo;int\u00e9gration du SCD d&rsquo;Angers au r\u00e9seau Calames : 2"},"content":{"rendered":"\n<p><\/p>\n\n\n\n<p><\/p>\n\n\n\n<p><\/p>\n\n\n\n<p><\/p>\n\n\n\n<p>L&rsquo;arborescence des fonds sp\u00e9cialis\u00e9s de la BUA a d&rsquo;abord \u00e9t\u00e9 implant\u00e9e dans la base de formation\/brouillon de Calames : deux groupes de fonds (Centre des Archives du F\u00e9minisme et Fonds litt\u00e9raires). Le premier groupe se subdivise en Fonds f\u00e9ministes associatifs et en Fonds f\u00e9ministes personnels, le second contient trois composants : Fonds d&rsquo;auteurs, Fonds de l&rsquo;Ecole de Rochefort et Fonds associ\u00e9s aux fonds litt\u00e9raires. Cette arborescence \u00e0 quatre niveaux reprend en partie celle qui figure sur le site web de la BU d&rsquo;Angers, dans la rubrique Fonds d&rsquo;archives, avec quelques diff\u00e9rences concernant les fonds litt\u00e9raires. Dans Calames, les fonds d&rsquo;auteurs pr\u00e9c\u00e8dent les fonds de Po\u00e8tes de l&rsquo;Ecole de Rochefort et les fonds associ\u00e9s, amen\u00e9s \u00e0 s&rsquo;accro\u00eetre, constituent un dernier sous-groupe ind\u00e9pendant. Entre chaque fonds, des num\u00e9ros d&rsquo;ordre ont \u00e9t\u00e9 laiss\u00e9s vacants pour permettre l&rsquo;insertion de futurs fonds. A partir de cette organisation intellectuelle, les deux catalogueuses ont pu commencer \u00e0 travailler dans la base de formation pour tester l&rsquo;outil.<\/p>\n\n\n\n<!--more-->\n\n\n\n<p>Avant 2006, quelques documents avaient \u00e9t\u00e9 signal\u00e9s dans la base Palme \u00e0 titre de tests. Ces notices Palme ont \u00e9t\u00e9 d\u00e9publi\u00e9es car elles n&rsquo;ont pas pu \u00eatre incluses dans l&rsquo;arborescence des fonds. N\u00e9anmoins elles sont conserv\u00e9es, ne serait-ce que pour garder la trace de ces tests d&rsquo;encodage Palme originel.<br>\nIl a \u00e9t\u00e9 choisi de commencer par cataloguer les fonds dont les inventaires respectaient le plus la norme archivistique ISAD(G) et de ne cataloguer dans un premier temps que les descriptions de niveau haut, c&rsquo;est-\u00e0-dire les descriptions g\u00e9n\u00e9rales des fonds.<br>\nAvec le recul, il eut \u00e9t\u00e9 pr\u00e9f\u00e9rable de travailler directement dans la base de production car il est possible de cataloguer dans cette base sans publier son travail. De plus, il a ensuite fallu migrer massivement 59 fichiers implant\u00e9s dans la base de formation vers la base de production. Les liens entre fichiers ne furent pas conserv\u00e9s : il ne pouvaient l&rsquo;\u00eatre puisque leur num\u00e9ro (ID) n&rsquo;\u00e9tait plus le m\u00eame dans la nouvelle base. La responsable des fonds sp\u00e9cialis\u00e9s a d\u00fb recr\u00e9er l&rsquo;arborescence des fonds.<br>\nPour r\u00e9aliser une migration automatique, l&rsquo;ABES a cependant pu fournir la m\u00eame liste des fichiers avec les nouveaux num\u00e9ros d&rsquo;identification en base de production, afin de faciliter le travail de r\u00e9-inclusion.<br>\nFin 2011, le choix a \u00e9t\u00e9 fait de ne travailler qu&rsquo;en base de production et de ne plus utiliser la base de formation pour \u00e9viter les probl\u00e8mes de mise \u00e0 jour d&rsquo;une base par rapport \u00e0 l&rsquo;autre.<\/p>\n\n\n\n<p>Le 4 d\u00e9cembre 2012<\/p>\n\n\n\n<p><\/p>\n","protected":false},"excerpt":{"rendered":"<p>L&rsquo;arborescence des fonds sp\u00e9cialis\u00e9s de la BUA a d&rsquo;abord \u00e9t\u00e9 implant\u00e9e dans la base de formation\/brouillon de Calames : deux groupes de fonds (Centre des Archives du F\u00e9minisme et Fonds litt\u00e9raires). Le premier groupe se subdivise en Fonds f\u00e9ministes associatifs &hellip; <a href=\"https:\/\/blog.univ-angers.fr\/fondsspe\/2016\/09\/07\/lintegration-du-scd-dangers-au-reseau-calames-2\/\">Continuer la lecture <span class=\"meta-nav\">&rarr;<\/span><\/a><\/p>\n","protected":false},"author":6132,"featured_media":0,"comment_status":"open","ping_status":"open","sticky":false,"template":"","format":"standard","meta":{"footnotes":""},"categories":[31,32],"tags":[195,193,196,194],"class_list":["post-104","post","type-post","status-publish","format-standard","hentry","category-archives-du-caf","category-archives-litteraires-de-la-bua","tag-bibliotheque-universitaire-dangers","tag-calames","tag-instruments-de-recherche","tag-reseau-de-bibliotheques"],"_links":{"self":[{"href":"https:\/\/blog.univ-angers.fr\/fondsspe\/wp-json\/wp\/v2\/posts\/104","targetHints":{"allow":["GET"]}}],"collection":[{"href":"https:\/\/blog.univ-angers.fr\/fondsspe\/wp-json\/wp\/v2\/posts"}],"about":[{"href":"https:\/\/blog.univ-angers.fr\/fondsspe\/wp-json\/wp\/v2\/types\/post"}],"author":[{"embeddable":true,"href":"https:\/\/blog.univ-angers.fr\/fondsspe\/wp-json\/wp\/v2\/users\/6132"}],"replies":[{"embeddable":true,"href":"https:\/\/blog.univ-angers.fr\/fondsspe\/wp-json\/wp\/v2\/comments?post=104"}],"version-history":[{"count":1,"href":"https:\/\/blog.univ-angers.fr\/fondsspe\/wp-json\/wp\/v2\/posts\/104\/revisions"}],"predecessor-version":[{"id":287,"href":"https:\/\/blog.univ-angers.fr\/fondsspe\/wp-json\/wp\/v2\/posts\/104\/revisions\/287"}],"wp:attachment":[{"href":"https:\/\/blog.univ-angers.fr\/fondsspe\/wp-json\/wp\/v2\/media?parent=104"}],"wp:term":[{"taxonomy":"category","embeddable":true,"href":"https:\/\/blog.univ-angers.fr\/fondsspe\/wp-json\/wp\/v2\/categories?post=104"},{"taxonomy":"post_tag","embeddable":true,"href":"https:\/\/blog.univ-angers.fr\/fondsspe\/wp-json\/wp\/v2\/tags?post=104"}],"curies":[{"name":"wp","href":"https:\/\/api.w.org\/{rel}","templated":true}]}}