{"id":70,"date":"2019-11-08T08:31:31","date_gmt":"2019-11-08T07:31:31","guid":{"rendered":"https:\/\/blog.univ-angers.fr\/davidcayla\/?p=70"},"modified":"2021-08-09T08:53:57","modified_gmt":"2021-08-09T07:53:57","slug":"la-science-economique-face-a-la-crise-agricole","status":"publish","type":"post","link":"https:\/\/blog.univ-angers.fr\/davidcayla\/la-science-economique-face-a-la-crise-agricole\/","title":{"rendered":"La science \u00e9conomique face \u00e0 la crise agricole"},"content":{"rendered":"<p>Le monde agricole a connu de tr\u00e8s nombreuses transformations. La politique agricole, fran\u00e7aise puis europ\u00e9enne, initi\u00e9e dans les ann\u00e9es d&rsquo;apr\u00e8s-guerre a permis la modernisation acc\u00e9l\u00e9r\u00e9e des campagnes. Qualifi\u00e9 de productiviste par les organisations \u00e9cologiques et de protectionniste par les pays en voie de d\u00e9veloppement, le mod\u00e8le agricole europ\u00e9en est remis en question dans les ann\u00e9es 1980, puis progressivement d\u00e9mantel\u00e9 \u00e0 partir de la fin des ann\u00e9es 1990.<!--more--><\/p>\n<p>La nouvelle politique agricole commune (PAC) qui \u00e9merge \u00e0 la suite des accords de Marrakech (1994) ne va pas r\u00e9soudre les probl\u00e8mes de l&rsquo;agriculture. Au contraire, l&rsquo;intensification concurrentielle entrain\u00e9e par la fin des prix garantis, l&rsquo;arr\u00eat des r\u00e9gulations quantitatives (jach\u00e8re, quotas laitiers&#8230;) et la signature de nombreux trait\u00e9s de libre-\u00e9change vont intensifier la crise agricole.<\/p>\n<p>Et si la cause de tout cela se trouvait dans l&rsquo;incompr\u00e9hension, de la part des \u00e9conomistes, des sp\u00e9cificit\u00e9s de l&rsquo;\u00e9conomie agricole et des difficult\u00e9s pour le mod\u00e8le lib\u00e9ral \u00e0 prendre en consid\u00e9ration les sp\u00e9cificit\u00e9s du monde r\u00e9el ?<\/p>\n<p>Visionnez cette conf\u00e9rence sur <a title=\"La science \u00e9conomique face \u00e0 la crise agricole\" href=\"https:\/\/www.youtube.com\/watch?v=OGLc_yP4Baw\">le lien suivant<\/a>.<\/p>\n","protected":false},"excerpt":{"rendered":"<p>Le monde agricole a connu de tr\u00e8s nombreuses transformations. La politique agricole, fran\u00e7aise puis europ\u00e9enne, initi\u00e9e dans les ann\u00e9es d&rsquo;apr\u00e8s-guerre a permis la modernisation acc\u00e9l\u00e9r\u00e9e des campagnes. Qualifi\u00e9 de productiviste par les organisations \u00e9cologiques et de protectionniste par les pays &hellip; <a href=\"https:\/\/blog.univ-angers.fr\/davidcayla\/la-science-economique-face-a-la-crise-agricole\/\">Continuer la lecture <span class=\"meta-nav\">&rarr;<\/span><\/a><\/p>\n","protected":false},"author":4569,"featured_media":0,"comment_status":"open","ping_status":"open","sticky":false,"template":"","format":"standard","meta":{"footnotes":""},"categories":[28,32,126],"tags":[30,127,128,130,201309,129],"class_list":["post-70","post","type-post","status-publish","format-standard","hentry","category-agriculture","category-mondialisation-libre-echange","category-pensee-economique","tag-agriculture-2","tag-crise-agricole","tag-environnement","tag-lois-de-loffre-et-de-la-demande","tag-pensee-economique","tag-theorie-economique"],"_links":{"self":[{"href":"https:\/\/blog.univ-angers.fr\/davidcayla\/wp-json\/wp\/v2\/posts\/70","targetHints":{"allow":["GET"]}}],"collection":[{"href":"https:\/\/blog.univ-angers.fr\/davidcayla\/wp-json\/wp\/v2\/posts"}],"about":[{"href":"https:\/\/blog.univ-angers.fr\/davidcayla\/wp-json\/wp\/v2\/types\/post"}],"author":[{"embeddable":true,"href":"https:\/\/blog.univ-angers.fr\/davidcayla\/wp-json\/wp\/v2\/users\/4569"}],"replies":[{"embeddable":true,"href":"https:\/\/blog.univ-angers.fr\/davidcayla\/wp-json\/wp\/v2\/comments?post=70"}],"version-history":[{"count":0,"href":"https:\/\/blog.univ-angers.fr\/davidcayla\/wp-json\/wp\/v2\/posts\/70\/revisions"}],"wp:attachment":[{"href":"https:\/\/blog.univ-angers.fr\/davidcayla\/wp-json\/wp\/v2\/media?parent=70"}],"wp:term":[{"taxonomy":"category","embeddable":true,"href":"https:\/\/blog.univ-angers.fr\/davidcayla\/wp-json\/wp\/v2\/categories?post=70"},{"taxonomy":"post_tag","embeddable":true,"href":"https:\/\/blog.univ-angers.fr\/davidcayla\/wp-json\/wp\/v2\/tags?post=70"}],"curies":[{"name":"wp","href":"https:\/\/api.w.org\/{rel}","templated":true}]}}