{"id":100,"date":"2021-08-18T18:15:19","date_gmt":"2021-08-18T17:15:19","guid":{"rendered":"https:\/\/blog.univ-angers.fr\/davidcayla\/?p=100"},"modified":"2021-08-18T18:23:06","modified_gmt":"2021-08-18T17:23:06","slug":"quimplique-la-decroissance-du-pib","status":"publish","type":"post","link":"https:\/\/blog.univ-angers.fr\/davidcayla\/quimplique-la-decroissance-du-pib\/","title":{"rendered":"Qu&rsquo;implique la d\u00e9croissance du PIB?"},"content":{"rendered":"<p><strong>Posons le probl\u00e8me directement.<\/strong><br \/>\nFaire d\u00e9croitre le PIB revient \u00e0 diminuer l&rsquo;ensemble des revenus mon\u00e9taires. Ces revenus mon\u00e9taires correspondent soit aux revenus directs des m\u00e9nages (revenus du travail et du patrimoine) soit \u00e0 leurs revenus indirects (prestations sociales en nature ou en esp\u00e8ce, valeur de leur capital financier).<\/p>\n<p><strong>La question \u00e0 laquelle il faut r\u00e9pondre est donc la suivante:<\/strong><br \/>\nSi l&rsquo;on part du principe qu&rsquo;il n&rsquo;est pas possible de d\u00e9coupler la croissance du PIB et les atteintes environnementales, alors comment rendre acceptable politiquement et socialement une baisse du PIB, soit une diminution globale des revenus, dans des soci\u00e9t\u00e9s domin\u00e9es par la d\u00e9fiance envers les institutions apr\u00e8s 30 ans de n\u00e9olib\u00e9ralisme?<!--more--><\/p>\n<p>Quand on voit la difficult\u00e9 avec laquelle on g\u00e8re la pand\u00e9mie de Covid, \u00e0 quel point on gal\u00e8re pour faire accepter des contraintes face \u00e0 un danger vital qui touche \u00e0 la sant\u00e9 et \u00e0 la vie des gens, comment va-t-on les convaincre de diviser par deux ou trois leur consommation?<\/p>\n<p>D\u00e9j\u00e0 on pourrait \u00eatre honn\u00eate dans le discours et reconnaitre que la d\u00e9croissance signifie la baisse du pouvoir d&rsquo;achat et des revenus mon\u00e9taires ou, au minimum, la forte limitation des consommations tr\u00e8s polluantes: voiture individuelle, transport a\u00e9rien, produits low-costs, viande rouge&#8230;<\/p>\n<p>Ces contraintes sont \u00e9videmment incompatibles avec le capitalisme actuel, les trait\u00e9s de libre-\u00e9change et n\u00e9cessiteraient de r\u00e9duire tr\u00e8s fortement les in\u00e9galit\u00e9s. Elles p\u00e8seront sur tout le monde, mais bien plus fortement chez les classes dirigeantes et sup\u00e9rieures.<\/p>\n<p>Elles n\u00e9cessiteraient aussi de transformer radicalement le r\u00f4le de l\u2019\u00c9tat qui devra planifier et r\u00e9organiser l&rsquo;ensemble du syst\u00e8me productif pour \u00e9conomiser les ressources. Cela suppose la constitution d&rsquo;une \u00e9conomie plus dirig\u00e9e et non de simples m\u00e9canismes incitatifs.<\/p>\n<ul>\n<li>Comment ce nouveaux syst\u00e8me productif et ces contraintes tr\u00e8s fortes qui p\u00e8seront sur la consommation des m\u00e9nages pourraient-ils \u00eatre mis en \u0153uvre dans un contexte d\u00e9mocratique et sans limiter fortement certains droits \u00e9conomiques?<\/li>\n<li>Est-ce que les classes dirigeantes qui ont le plus \u00e0 perdre dans cette transition vont accepter de r\u00e9orienter en profondeur le syst\u00e8me \u00e9conomique et de sacrifier ainsi une grande partie de leur pouvoir et de leur niveau de vie?<\/li>\n<li>Est-ce que les classes populaires qui souffrent d\u00e9j\u00e0 d&rsquo;une baisse de leur niveau de vie vont accepter de soutenir politiquement un projet qui vise \u00e0 limiter le niveau de consommation global?<\/li>\n<li>Et dans l&rsquo;imm\u00e9diat, comment faire accepter un discours \u00e9cologiste qui ressemble beaucoup au discours n\u00e9olib\u00e9ral dominant?<\/li>\n<\/ul>\n<div dir=\"auto\">\n<p><a href=\"https:\/\/blog.univ-angers.fr\/davidcayla\/files\/2021\/08\/Sans-titre-1.jpg\"><img loading=\"lazy\" decoding=\"async\" class=\"aligncenter size-full wp-image-101\" alt=\"Discours n\u00e9olib\u00e9ral et \u00e9cologique\" src=\"https:\/\/blog.univ-angers.fr\/davidcayla\/files\/2021\/08\/Sans-titre-1.jpg\" width=\"1204\" height=\"845\" srcset=\"https:\/\/blog.univ-angers.fr\/davidcayla\/files\/2021\/08\/Sans-titre-1.jpg 1204w, https:\/\/blog.univ-angers.fr\/davidcayla\/files\/2021\/08\/Sans-titre-1-300x210.jpg 300w, https:\/\/blog.univ-angers.fr\/davidcayla\/files\/2021\/08\/Sans-titre-1-1024x718.jpg 1024w, https:\/\/blog.univ-angers.fr\/davidcayla\/files\/2021\/08\/Sans-titre-1-427x300.jpg 427w\" sizes=\"auto, (max-width: 1204px) 100vw, 1204px\" \/><\/a><\/p>\n<p>Si je pose toutes ces questions, ce n&rsquo;est pas pour dire qu&rsquo;il ne faut rien faire, ni pour minimiser l&rsquo;importance de la contrainte \u00e9cologique, mais parce que je pense qu&rsquo;il faut r\u00e9fl\u00e9chir s\u00e9rieusement aux probl\u00e8mes de mise en \u0153uvre en partant de la soci\u00e9t\u00e9 telle qu&rsquo;elle existe et non telle qu&rsquo;on voudrait qu&rsquo;elle soit.<\/p>\n<p>Car le probl\u00e8me n&rsquo;est pas d&rsquo;inventer la soci\u00e9t\u00e9 id\u00e9ale mais de g\u00e9rer la transition entre celle-ci et celle de demain. Or, pour cela, il faut porter une attention particuli\u00e8re \u00e0 l&rsquo;acceptabilit\u00e9 politique et sociale des mesures \u00e9cologiques.<\/p>\n<p>Je pense que nous devons tirer les le\u00e7ons de la crise Covid. La gestion politique a \u00e9t\u00e9 largement d\u00e9faillante alors m\u00eame qu&rsquo;il s&rsquo;agissait d&rsquo;un danger imm\u00e9diat et que les mesures \u00e9taient relativement faciles \u00e0 prendre et \u00e0 mettre en \u0153uvre. De plus, pour la crise covid, les contraintes ont toujours \u00e9t\u00e9 pr\u00e9sent\u00e9es comme transitoires et chacun pouvait donc se dire qu&rsquo;un retour au \u00ab\u00a0monde d&rsquo;avant\u00a0\u00bb serait possible. En revanche, la transition \u00e9cologique devra \u00eatre organis\u00e9e sans retour en arri\u00e8re possible.<\/p>\n<p>En ce moment les candidats \u00e9cologistes se r\u00e9unissent \u00e0 Poitiers pour d\u00e9battre de leurs projets. Est-ce qu&rsquo;ils ont des r\u00e9ponses \u00e0 ces questions?<br \/>\nD&rsquo;ailleurs, si j&rsquo;ai \u00e9crit cette r\u00e9flexion c&rsquo;est d&rsquo;abord en r\u00e9action \u00e0 certains discours sur la d\u00e9croissance, comme cette interview de Delphine Batho <a href=\"https:\/\/reporterre.net\/Delphine-Batho-La-decroissance-est-une-societe-du-plus-pas-du-moins-22634\">qui fait comme si la d\u00e9croissance ce serait \u00ab\u00a0une soci\u00e9t\u00e9 du plus\u00a0\u00bb<\/a><br \/>\nJe comprends que lorsqu&rsquo;on est en campagne, on veut vendre des jours meilleurs et promettre que tout sera facile. Mais nier les contraintes de la d\u00e9croissance ne sert pas les int\u00e9r\u00eats \u00e0 long terme de l&rsquo;\u00e9cologie.<\/p>\n<p>Bien s\u00fbr on peut pr\u00e9f\u00e9rer la croissance verte en affirmant qu&rsquo;il est possible de faire croitre le PIB sans atteinte \u00e0 l&rsquo;environnement. Mais en v\u00e9rit\u00e9 personne ne sait s&rsquo;il sera possible technologiquement de r\u00e9orienter en profondeur notre croissance pour limiter notre impact environnemental. Certes, les \u00e9missions europ\u00e9ennes de CO2 diminuent depuis 1990. Mais cette diminution masque une hausse de l&#8217;empreinte carbone li\u00e9es aux importations. Donc nous n&rsquo;avons pas trouv\u00e9 la formule magique du d\u00e9couplage.<\/p>\n<p>En somme, ceux qui parlent de croissance verte font le pari que la technologie trouvera la r\u00e9ponse aux probl\u00e8mes environnementaux, alors que ceux qui parlent de d\u00e9croissance font le pari que cette derni\u00e8re sera acceptable socialement et que la r\u00e9volution de notre syst\u00e8me \u00e9conomique pourra \u00eatre mise en \u0153uvre politiquement dans un avenir proche.<\/p>\n<\/div>\n<p>Honn\u00eatement, je crains qu&rsquo;aucun de ces paris ne marche. Mais bonne soir\u00e9e \u00e0 tous!<\/p>\n","protected":false},"excerpt":{"rendered":"<p>Posons le probl\u00e8me directement. Faire d\u00e9croitre le PIB revient \u00e0 diminuer l&rsquo;ensemble des revenus mon\u00e9taires. Ces revenus mon\u00e9taires correspondent soit aux revenus directs des m\u00e9nages (revenus du travail et du patrimoine) soit \u00e0 leurs revenus indirects (prestations sociales en nature &hellip; <a href=\"https:\/\/blog.univ-angers.fr\/davidcayla\/quimplique-la-decroissance-du-pib\/\">Continuer la lecture <span class=\"meta-nav\">&rarr;<\/span><\/a><\/p>\n","protected":false},"author":4569,"featured_media":0,"comment_status":"open","ping_status":"open","sticky":false,"template":"","format":"standard","meta":{"footnotes":""},"categories":[171,196,161],"tags":[15,167,166,77,146,169],"class_list":["post-100","post","type-post","status-publish","format-standard","hentry","category-democratie-2","category-ecologie","category-neoliberalisme-2","tag-covid","tag-croissance-verte","tag-decroissance","tag-democratie","tag-neoliberalisme","tag-pib"],"_links":{"self":[{"href":"https:\/\/blog.univ-angers.fr\/davidcayla\/wp-json\/wp\/v2\/posts\/100","targetHints":{"allow":["GET"]}}],"collection":[{"href":"https:\/\/blog.univ-angers.fr\/davidcayla\/wp-json\/wp\/v2\/posts"}],"about":[{"href":"https:\/\/blog.univ-angers.fr\/davidcayla\/wp-json\/wp\/v2\/types\/post"}],"author":[{"embeddable":true,"href":"https:\/\/blog.univ-angers.fr\/davidcayla\/wp-json\/wp\/v2\/users\/4569"}],"replies":[{"embeddable":true,"href":"https:\/\/blog.univ-angers.fr\/davidcayla\/wp-json\/wp\/v2\/comments?post=100"}],"version-history":[{"count":0,"href":"https:\/\/blog.univ-angers.fr\/davidcayla\/wp-json\/wp\/v2\/posts\/100\/revisions"}],"wp:attachment":[{"href":"https:\/\/blog.univ-angers.fr\/davidcayla\/wp-json\/wp\/v2\/media?parent=100"}],"wp:term":[{"taxonomy":"category","embeddable":true,"href":"https:\/\/blog.univ-angers.fr\/davidcayla\/wp-json\/wp\/v2\/categories?post=100"},{"taxonomy":"post_tag","embeddable":true,"href":"https:\/\/blog.univ-angers.fr\/davidcayla\/wp-json\/wp\/v2\/tags?post=100"}],"curies":[{"name":"wp","href":"https:\/\/api.w.org\/{rel}","templated":true}]}}