{"id":531,"date":"2024-07-03T14:49:38","date_gmt":"2024-07-03T12:49:38","guid":{"rendered":"https:\/\/blog.univ-angers.fr\/capacite\/?p=531"},"modified":"2024-07-03T14:51:16","modified_gmt":"2024-07-03T12:51:16","slug":"modalites-dinscription-2","status":"publish","type":"post","link":"https:\/\/blog.univ-angers.fr\/capacite\/2024\/07\/03\/modalites-dinscription-2\/","title":{"rendered":"Modalit\u00e9s d&rsquo;inscription"},"content":{"rendered":"\n<p>Bonjour,<\/p>\n\n\n\n<p class=\"has-text-align-left\"><strong>Les inscriptions administratives se d\u00e9rouleront du jeudi<u> 22 ao\u00fbt jusqu&rsquo;au <\/u>mercredi 25 septembre 2024.<\/strong><\/p>\n\n\n\n<p>Nous vous remercions de l&rsquo;int\u00e9r\u00eat que vous portez \u00e0 l&rsquo;Universit\u00e9 d&rsquo;Angers en voulant int\u00e9grer la 1\u00e8re ann\u00e9e de Capacit\u00e9 en droit, formation \u00e0 distance.<\/p>\n\n\n\n<p>Le s\u00e9minaire de rentr\u00e9e se d\u00e9roulera :<strong> le vendredi 27 septembre 2024 amphi Volney<\/strong><br>(pr\u00e9sence obligatoire), \u00e0 <strong><u>13h<\/u><\/strong> accueil des capacitaires, de <strong><u>13h30 \u00e0 15h<\/u><\/strong> pr\u00e9sentation de la formation en pr\u00e9sence de la responsable, de <strong><u>15h \u00e0 16h30<\/u><\/strong> formation \u00e0 la plateforme Moodle&nbsp;<\/p>\n\n\n\n<p>Merci de nous contacter pour la demande de dossier d\u2019inscription&nbsp;: <a href=\"mailto:capacite-droit@univ-angers.fr\">capacite-droit@univ-angers.fr<\/a><\/p>\n\n\n\n<p><strong>La facult\u00e9 sera ferm\u00e9e du vendredi 19 juillet \u00e0 12h jusqu\u2019au lundi 18 ao\u00fbt 2024.<\/strong><\/p>\n","protected":false},"excerpt":{"rendered":"<p>Bonjour, Les inscriptions administratives se d\u00e9rouleront du jeudi 22 ao\u00fbt jusqu&rsquo;au mercredi 25 septembre 2024. Nous vous remercions de l&rsquo;int\u00e9r\u00eat que vous portez \u00e0 l&rsquo;Universit\u00e9 d&rsquo;Angers en voulant int\u00e9grer la 1\u00e8re ann\u00e9e de Capacit\u00e9 en droit, formation \u00e0 distance. Le &hellip; <a href=\"https:\/\/blog.univ-angers.fr\/capacite\/2024\/07\/03\/modalites-dinscription-2\/\">Continuer la lecture <span class=\"meta-nav\">&rarr;<\/span><\/a><\/p>\n","protected":false},"author":14389,"featured_media":0,"comment_status":"closed","ping_status":"open","sticky":false,"template":"","format":"link","meta":{"footnotes":""},"categories":[5],"tags":[],"class_list":["post-531","post","type-post","status-publish","format-link","hentry","category-evenements","post_format-post-format-link"],"_links":{"self":[{"href":"https:\/\/blog.univ-angers.fr\/capacite\/wp-json\/wp\/v2\/posts\/531","targetHints":{"allow":["GET"]}}],"collection":[{"href":"https:\/\/blog.univ-angers.fr\/capacite\/wp-json\/wp\/v2\/posts"}],"about":[{"href":"https:\/\/blog.univ-angers.fr\/capacite\/wp-json\/wp\/v2\/types\/post"}],"author":[{"embeddable":true,"href":"https:\/\/blog.univ-angers.fr\/capacite\/wp-json\/wp\/v2\/users\/14389"}],"replies":[{"embeddable":true,"href":"https:\/\/blog.univ-angers.fr\/capacite\/wp-json\/wp\/v2\/comments?post=531"}],"version-history":[{"count":3,"href":"https:\/\/blog.univ-angers.fr\/capacite\/wp-json\/wp\/v2\/posts\/531\/revisions"}],"predecessor-version":[{"id":534,"href":"https:\/\/blog.univ-angers.fr\/capacite\/wp-json\/wp\/v2\/posts\/531\/revisions\/534"}],"wp:attachment":[{"href":"https:\/\/blog.univ-angers.fr\/capacite\/wp-json\/wp\/v2\/media?parent=531"}],"wp:term":[{"taxonomy":"category","embeddable":true,"href":"https:\/\/blog.univ-angers.fr\/capacite\/wp-json\/wp\/v2\/categories?post=531"},{"taxonomy":"post_tag","embeddable":true,"href":"https:\/\/blog.univ-angers.fr\/capacite\/wp-json\/wp\/v2\/tags?post=531"}],"curies":[{"name":"wp","href":"https:\/\/api.w.org\/{rel}","templated":true}]}}