{"id":503,"date":"2024-06-12T14:22:18","date_gmt":"2024-06-12T12:22:18","guid":{"rendered":"https:\/\/blog.univ-angers.fr\/capacite\/?p=503"},"modified":"2024-06-12T14:34:38","modified_gmt":"2024-06-12T12:34:38","slug":"modalites-dinscription","status":"publish","type":"post","link":"https:\/\/blog.univ-angers.fr\/capacite\/2024\/06\/12\/modalites-dinscription\/","title":{"rendered":"MODALITES D&rsquo;INSCRIPTIONS"},"content":{"rendered":"\n<p>Bonjour,<\/p>\n\n\n\n<p>Nous vous remercions de l&rsquo;int\u00e9r\u00eat que vous portez \u00e0 l&rsquo;Universit\u00e9 d&rsquo;Angers en voulant int\u00e9grer la 1\u00e8re ann\u00e9e de Capacit\u00e9 en droit, formation \u00e0 distance.<br>Les dossiers d&rsquo;inscriptions seront disponibles dans la 1\u00e8re quinzaine de juillet 2024 et les inscriptions se d\u00e9rouleront du 22 ao\u00fbt au mercredi 25 septembre 2024, en adressant votre demande via l&rsquo;adresse : capacite-droit@univ-angers.fr<br>Pour ce qui concerne les tarifs de la formation continue, vous pourrez joindre Mme Laurence Puglia (laurence.puglia@univ-angers.fr).<\/p>\n\n\n\n<p>L&rsquo;inscription pour la formation initiale se fera par voie postale, en retournant l&rsquo;ensemble des pi\u00e8ces \u00e0 l&rsquo;adresse de la facult\u00e9.<\/p>\n\n\n\n<p>La capacit\u00e9 en droit est organis\u00e9e sous forme de \u00ab\u00a0formation ouverte et \u00e0 distance\u00a0\u00bb, c&rsquo;est \u00e0 dire qu&rsquo;elle alterne des phases de travail en autonomie et en groupe \u00e0 distance suivi par les enseignants eux-m\u00eames \u00e0 distance, et des phases de regroupement \u00e0 l&rsquo;Universit\u00e9 d&rsquo;Angers.<\/p>\n\n\n\n<p>Cette formation n&rsquo;est pas ouverte aux personnes ne r\u00e9sidant pas en France.<\/p>\n\n\n\n<p>Bien cordialement,<\/p>\n","protected":false},"excerpt":{"rendered":"<p>Bonjour, Nous vous remercions de l&rsquo;int\u00e9r\u00eat que vous portez \u00e0 l&rsquo;Universit\u00e9 d&rsquo;Angers en voulant int\u00e9grer la 1\u00e8re ann\u00e9e de Capacit\u00e9 en droit, formation \u00e0 distance.Les dossiers d&rsquo;inscriptions seront disponibles dans la 1\u00e8re quinzaine de juillet 2024 et les inscriptions se &hellip; <a href=\"https:\/\/blog.univ-angers.fr\/capacite\/2024\/06\/12\/modalites-dinscription\/\">Continuer la lecture <span class=\"meta-nav\">&rarr;<\/span><\/a><\/p>\n","protected":false},"author":14389,"featured_media":0,"comment_status":"closed","ping_status":"open","sticky":false,"template":"","format":"link","meta":{"footnotes":""},"categories":[5],"tags":[],"class_list":["post-503","post","type-post","status-publish","format-link","hentry","category-evenements","post_format-post-format-link"],"_links":{"self":[{"href":"https:\/\/blog.univ-angers.fr\/capacite\/wp-json\/wp\/v2\/posts\/503","targetHints":{"allow":["GET"]}}],"collection":[{"href":"https:\/\/blog.univ-angers.fr\/capacite\/wp-json\/wp\/v2\/posts"}],"about":[{"href":"https:\/\/blog.univ-angers.fr\/capacite\/wp-json\/wp\/v2\/types\/post"}],"author":[{"embeddable":true,"href":"https:\/\/blog.univ-angers.fr\/capacite\/wp-json\/wp\/v2\/users\/14389"}],"replies":[{"embeddable":true,"href":"https:\/\/blog.univ-angers.fr\/capacite\/wp-json\/wp\/v2\/comments?post=503"}],"version-history":[{"count":3,"href":"https:\/\/blog.univ-angers.fr\/capacite\/wp-json\/wp\/v2\/posts\/503\/revisions"}],"predecessor-version":[{"id":507,"href":"https:\/\/blog.univ-angers.fr\/capacite\/wp-json\/wp\/v2\/posts\/503\/revisions\/507"}],"wp:attachment":[{"href":"https:\/\/blog.univ-angers.fr\/capacite\/wp-json\/wp\/v2\/media?parent=503"}],"wp:term":[{"taxonomy":"category","embeddable":true,"href":"https:\/\/blog.univ-angers.fr\/capacite\/wp-json\/wp\/v2\/categories?post=503"},{"taxonomy":"post_tag","embeddable":true,"href":"https:\/\/blog.univ-angers.fr\/capacite\/wp-json\/wp\/v2\/tags?post=503"}],"curies":[{"name":"wp","href":"https:\/\/api.w.org\/{rel}","templated":true}]}}