{"id":498,"date":"2024-06-12T14:12:21","date_gmt":"2024-06-12T12:12:21","guid":{"rendered":"https:\/\/blog.univ-angers.fr\/capacite\/?p=498"},"modified":"2024-06-12T14:31:36","modified_gmt":"2024-06-12T12:31:36","slug":"498","status":"publish","type":"post","link":"https:\/\/blog.univ-angers.fr\/capacite\/2024\/06\/12\/498\/","title":{"rendered":"S\u00e9minaires de rentr\u00e9e Capacit\u00e9 en droit 1\u00e8re et 2\u00e8me ann\u00e9e"},"content":{"rendered":"\n<p><strong>ann\u00e9e universitaire 2024 &#8211; 2025 <\/strong><\/p>\n\n\n\n<p><strong>Capacit\u00e9 en droit 1\u00e8re ann\u00e9e<\/strong><br>Vendredi 27&nbsp; septembre 2024 amphi VOLNEY<br>&#8211; de 13h \u00e0 13h30 : accueil des \u00e9tudiants par les r\u00e9f\u00e9rentes<br>&#8211; de 13h30 \u00e0 15h : pr\u00e9sentation de la formation et des mati\u00e8res avec Mme Sophie Lambert-Wiber, responsable de la formation<br>&#8211; de 15h \u00e0 16h30 : Pr\u00e9sentation de la Plate-forme Moodle<br><strong>Capacit\u00e9 en droit 2\u00e8me ann\u00e9e<\/strong><br>Samedi 28 septembre 2024<br>&#8211; de 9h \u00e0 12h Amphi LAGON<br>Pr\u00e9sentation de la formation et des mati\u00e8res avec l&rsquo;ensemble des enseignants<\/p>\n","protected":false},"excerpt":{"rendered":"<p>ann\u00e9e universitaire 2024 &#8211; 2025 Capacit\u00e9 en droit 1\u00e8re ann\u00e9eVendredi 27&nbsp; septembre 2024 amphi VOLNEY&#8211; de 13h \u00e0 13h30 : accueil des \u00e9tudiants par les r\u00e9f\u00e9rentes&#8211; de 13h30 \u00e0 15h : pr\u00e9sentation de la formation et des mati\u00e8res avec Mme &hellip; <a href=\"https:\/\/blog.univ-angers.fr\/capacite\/2024\/06\/12\/498\/\">Continuer la lecture <span class=\"meta-nav\">&rarr;<\/span><\/a><\/p>\n","protected":false},"author":14389,"featured_media":0,"comment_status":"closed","ping_status":"open","sticky":false,"template":"","format":"link","meta":{"footnotes":""},"categories":[5],"tags":[],"class_list":["post-498","post","type-post","status-publish","format-link","hentry","category-evenements","post_format-post-format-link"],"_links":{"self":[{"href":"https:\/\/blog.univ-angers.fr\/capacite\/wp-json\/wp\/v2\/posts\/498","targetHints":{"allow":["GET"]}}],"collection":[{"href":"https:\/\/blog.univ-angers.fr\/capacite\/wp-json\/wp\/v2\/posts"}],"about":[{"href":"https:\/\/blog.univ-angers.fr\/capacite\/wp-json\/wp\/v2\/types\/post"}],"author":[{"embeddable":true,"href":"https:\/\/blog.univ-angers.fr\/capacite\/wp-json\/wp\/v2\/users\/14389"}],"replies":[{"embeddable":true,"href":"https:\/\/blog.univ-angers.fr\/capacite\/wp-json\/wp\/v2\/comments?post=498"}],"version-history":[{"count":4,"href":"https:\/\/blog.univ-angers.fr\/capacite\/wp-json\/wp\/v2\/posts\/498\/revisions"}],"predecessor-version":[{"id":502,"href":"https:\/\/blog.univ-angers.fr\/capacite\/wp-json\/wp\/v2\/posts\/498\/revisions\/502"}],"wp:attachment":[{"href":"https:\/\/blog.univ-angers.fr\/capacite\/wp-json\/wp\/v2\/media?parent=498"}],"wp:term":[{"taxonomy":"category","embeddable":true,"href":"https:\/\/blog.univ-angers.fr\/capacite\/wp-json\/wp\/v2\/categories?post=498"},{"taxonomy":"post_tag","embeddable":true,"href":"https:\/\/blog.univ-angers.fr\/capacite\/wp-json\/wp\/v2\/tags?post=498"}],"curies":[{"name":"wp","href":"https:\/\/api.w.org\/{rel}","templated":true}]}}