{"id":17,"date":"2018-10-11T13:24:25","date_gmt":"2018-10-11T12:24:25","guid":{"rendered":"https:\/\/blog.univ-angers.fr\/capacite\/?p=17"},"modified":"2023-09-07T15:51:40","modified_gmt":"2023-09-07T13:51:40","slug":"contact","status":"publish","type":"post","link":"https:\/\/blog.univ-angers.fr\/capacite\/2018\/10\/11\/contact\/","title":{"rendered":"Contact"},"content":{"rendered":"<p><a title=\"vers le site de la Facult\u00e9 de Droit\" href=\"http:\/\/www.univ-angers.fr\/fr\/acces-directs\/facultes-et-instituts\/faculte-droit-economie-gestion.html\">Facult\u00e9 de droit, d\u2019\u00e9conomie et de gestion d\u2019Angers<\/a><br \/>\n13 all\u00e9e Fran\u00e7ois Mitterrand | BP 13 633<br \/>\n49 036 Angers Cedex 01<\/p>\n<p>Renseignements :<br \/>\nP\u00f4le Licence<br \/>\nSylvie SCHUBENEL<br \/>\nBureau 105<br \/>\ncapacite-droit@univ-angers.fr<\/p>\n<p>&nbsp;<\/p>\n","protected":false},"excerpt":{"rendered":"<p>Facult\u00e9 de droit, d\u2019\u00e9conomie et de gestion d\u2019Angers 13 all\u00e9e Fran\u00e7ois Mitterrand | BP 13 633 49 036 Angers Cedex 01 Renseignements : P\u00f4le Licence Sylvie SCHUBENEL Bureau 105 capacite-droit@univ-angers.fr &nbsp;<\/p>\n","protected":false},"author":14389,"featured_media":0,"comment_status":"open","ping_status":"open","sticky":false,"template":"","format":"standard","meta":{"footnotes":""},"categories":[2],"tags":[],"class_list":["post-17","post","type-post","status-publish","format-standard","hentry","category-contacts"],"_links":{"self":[{"href":"https:\/\/blog.univ-angers.fr\/capacite\/wp-json\/wp\/v2\/posts\/17","targetHints":{"allow":["GET"]}}],"collection":[{"href":"https:\/\/blog.univ-angers.fr\/capacite\/wp-json\/wp\/v2\/posts"}],"about":[{"href":"https:\/\/blog.univ-angers.fr\/capacite\/wp-json\/wp\/v2\/types\/post"}],"author":[{"embeddable":true,"href":"https:\/\/blog.univ-angers.fr\/capacite\/wp-json\/wp\/v2\/users\/14389"}],"replies":[{"embeddable":true,"href":"https:\/\/blog.univ-angers.fr\/capacite\/wp-json\/wp\/v2\/comments?post=17"}],"version-history":[{"count":2,"href":"https:\/\/blog.univ-angers.fr\/capacite\/wp-json\/wp\/v2\/posts\/17\/revisions"}],"predecessor-version":[{"id":479,"href":"https:\/\/blog.univ-angers.fr\/capacite\/wp-json\/wp\/v2\/posts\/17\/revisions\/479"}],"wp:attachment":[{"href":"https:\/\/blog.univ-angers.fr\/capacite\/wp-json\/wp\/v2\/media?parent=17"}],"wp:term":[{"taxonomy":"category","embeddable":true,"href":"https:\/\/blog.univ-angers.fr\/capacite\/wp-json\/wp\/v2\/categories?post=17"},{"taxonomy":"post_tag","embeddable":true,"href":"https:\/\/blog.univ-angers.fr\/capacite\/wp-json\/wp\/v2\/tags?post=17"}],"curies":[{"name":"wp","href":"https:\/\/api.w.org\/{rel}","templated":true}]}}