{"id":122,"date":"2018-12-06T16:33:44","date_gmt":"2018-12-06T15:33:44","guid":{"rendered":"https:\/\/blog.univ-angers.fr\/capacite\/?p=122"},"modified":"2018-12-10T13:32:33","modified_gmt":"2018-12-10T12:32:33","slug":"122","status":"publish","type":"post","link":"https:\/\/blog.univ-angers.fr\/capacite\/2018\/12\/06\/122\/","title":{"rendered":"C\u00e9r\u00e9monie de remise de dipl\u00f4me ou de succ\u00e8s"},"content":{"rendered":"<p>Rencontre nouveaux et anciens \u00e9tudiants en capacit\u00e9 en droit 2<sup>\u00e8me<\/sup> ann\u00e9e<\/p>\n<p><a href=\"https:\/\/blog.univ-angers.fr\/capacite\/files\/2018\/12\/s\u00e9minaire-de-rentr\u00e9e-capacit\u00e9-en-droit-2018-2019-0341.jpg\"><img loading=\"lazy\" decoding=\"async\" class=\"alignleft size-medium wp-image-107\" alt=\"s\u00e9minaire de rentr\u00e9e capacit\u00e9 en droit 2018-2019 034\" src=\"https:\/\/blog.univ-angers.fr\/capacite\/files\/2018\/12\/s\u00e9minaire-de-rentr\u00e9e-capacit\u00e9-en-droit-2018-2019-0341-300x225.jpg\" width=\"300\" height=\"225\" srcset=\"https:\/\/blog.univ-angers.fr\/capacite\/files\/2018\/12\/s\u00e9minaire-de-rentr\u00e9e-capacit\u00e9-en-droit-2018-2019-0341-300x225.jpg 300w, https:\/\/blog.univ-angers.fr\/capacite\/files\/2018\/12\/s\u00e9minaire-de-rentr\u00e9e-capacit\u00e9-en-droit-2018-2019-0341-1024x768.jpg 1024w, https:\/\/blog.univ-angers.fr\/capacite\/files\/2018\/12\/s\u00e9minaire-de-rentr\u00e9e-capacit\u00e9-en-droit-2018-2019-0341-400x300.jpg 400w\" sizes=\"auto, (max-width: 300px) 100vw, 300px\" \/><\/a><a href=\"https:\/\/blog.univ-angers.fr\/capacite\/files\/2018\/12\/s\u00e9minaire-de-rentr\u00e9e-capacit\u00e9-en-droit-2018-2019-0361.jpg\"><img loading=\"lazy\" decoding=\"async\" class=\"alignleft size-medium wp-image-109\" alt=\"s\u00e9minaire de rentr\u00e9e capacit\u00e9 en droit 2018-2019 036\" src=\"https:\/\/blog.univ-angers.fr\/capacite\/files\/2018\/12\/s\u00e9minaire-de-rentr\u00e9e-capacit\u00e9-en-droit-2018-2019-0361-300x225.jpg\" width=\"300\" height=\"225\" srcset=\"https:\/\/blog.univ-angers.fr\/capacite\/files\/2018\/12\/s\u00e9minaire-de-rentr\u00e9e-capacit\u00e9-en-droit-2018-2019-0361-300x225.jpg 300w, https:\/\/blog.univ-angers.fr\/capacite\/files\/2018\/12\/s\u00e9minaire-de-rentr\u00e9e-capacit\u00e9-en-droit-2018-2019-0361-1024x768.jpg 1024w, https:\/\/blog.univ-angers.fr\/capacite\/files\/2018\/12\/s\u00e9minaire-de-rentr\u00e9e-capacit\u00e9-en-droit-2018-2019-0361-400x300.jpg 400w\" sizes=\"auto, (max-width: 300px) 100vw, 300px\" \/><\/a><a href=\"https:\/\/blog.univ-angers.fr\/capacite\/files\/2018\/12\/s\u00e9minaire-de-rentr\u00e9e-capacit\u00e9-en-droit-2018-2019-0351.jpg\"><img loading=\"lazy\" decoding=\"async\" class=\"alignleft size-medium wp-image-108\" alt=\"s\u00e9minaire de rentr\u00e9e capacit\u00e9 en droit 2018-2019 035\" src=\"https:\/\/blog.univ-angers.fr\/capacite\/files\/2018\/12\/s\u00e9minaire-de-rentr\u00e9e-capacit\u00e9-en-droit-2018-2019-0351-300x225.jpg\" width=\"300\" height=\"225\" srcset=\"https:\/\/blog.univ-angers.fr\/capacite\/files\/2018\/12\/s\u00e9minaire-de-rentr\u00e9e-capacit\u00e9-en-droit-2018-2019-0351-300x225.jpg 300w, https:\/\/blog.univ-angers.fr\/capacite\/files\/2018\/12\/s\u00e9minaire-de-rentr\u00e9e-capacit\u00e9-en-droit-2018-2019-0351-1024x768.jpg 1024w, https:\/\/blog.univ-angers.fr\/capacite\/files\/2018\/12\/s\u00e9minaire-de-rentr\u00e9e-capacit\u00e9-en-droit-2018-2019-0351-400x300.jpg 400w\" sizes=\"auto, (max-width: 300px) 100vw, 300px\" \/><\/a><\/p>\n<p><a href=\"https:\/\/blog.univ-angers.fr\/capacite\/files\/2018\/12\/s\u00e9minaire-de-rentr\u00e9e-capacit\u00e9-en-droit-2018-2019-0371.jpg\"><img loading=\"lazy\" decoding=\"async\" class=\"alignleft size-medium wp-image-110\" alt=\"s\u00e9minaire de rentr\u00e9e capacit\u00e9 en droit 2018-2019 037\" src=\"https:\/\/blog.univ-angers.fr\/capacite\/files\/2018\/12\/s\u00e9minaire-de-rentr\u00e9e-capacit\u00e9-en-droit-2018-2019-0371-300x225.jpg\" width=\"300\" height=\"225\" srcset=\"https:\/\/blog.univ-angers.fr\/capacite\/files\/2018\/12\/s\u00e9minaire-de-rentr\u00e9e-capacit\u00e9-en-droit-2018-2019-0371-300x225.jpg 300w, https:\/\/blog.univ-angers.fr\/capacite\/files\/2018\/12\/s\u00e9minaire-de-rentr\u00e9e-capacit\u00e9-en-droit-2018-2019-0371-1024x768.jpg 1024w, https:\/\/blog.univ-angers.fr\/capacite\/files\/2018\/12\/s\u00e9minaire-de-rentr\u00e9e-capacit\u00e9-en-droit-2018-2019-0371-400x300.jpg 400w\" sizes=\"auto, (max-width: 300px) 100vw, 300px\" \/><\/a><\/p>\n<p><a href=\"https:\/\/blog.univ-angers.fr\/capacite\/files\/2018\/12\/s\u00e9minaire-de-rentr\u00e9e-capacit\u00e9-en-droit-2018-2019-0381.jpg\"><img loading=\"lazy\" decoding=\"async\" class=\"alignleft size-medium wp-image-111\" alt=\"s\u00e9minaire de rentr\u00e9e capacit\u00e9 en droit 2018-2019 038\" src=\"https:\/\/blog.univ-angers.fr\/capacite\/files\/2018\/12\/s\u00e9minaire-de-rentr\u00e9e-capacit\u00e9-en-droit-2018-2019-0381-300x225.jpg\" width=\"300\" height=\"225\" srcset=\"https:\/\/blog.univ-angers.fr\/capacite\/files\/2018\/12\/s\u00e9minaire-de-rentr\u00e9e-capacit\u00e9-en-droit-2018-2019-0381-300x225.jpg 300w, https:\/\/blog.univ-angers.fr\/capacite\/files\/2018\/12\/s\u00e9minaire-de-rentr\u00e9e-capacit\u00e9-en-droit-2018-2019-0381-1024x768.jpg 1024w, https:\/\/blog.univ-angers.fr\/capacite\/files\/2018\/12\/s\u00e9minaire-de-rentr\u00e9e-capacit\u00e9-en-droit-2018-2019-0381-400x300.jpg 400w\" sizes=\"auto, (max-width: 300px) 100vw, 300px\" \/><\/a><\/p>\n<p><a href=\"https:\/\/blog.univ-angers.fr\/capacite\/files\/2018\/12\/s\u00e9minaire-de-rentr\u00e9e-capacit\u00e9-en-droit-2018-2019-0391.jpg\"><img loading=\"lazy\" decoding=\"async\" class=\"alignleft size-medium wp-image-112\" alt=\"s\u00e9minaire de rentr\u00e9e capacit\u00e9 en droit 2018-2019 039\" src=\"https:\/\/blog.univ-angers.fr\/capacite\/files\/2018\/12\/s\u00e9minaire-de-rentr\u00e9e-capacit\u00e9-en-droit-2018-2019-0391-300x225.jpg\" width=\"300\" height=\"225\" srcset=\"https:\/\/blog.univ-angers.fr\/capacite\/files\/2018\/12\/s\u00e9minaire-de-rentr\u00e9e-capacit\u00e9-en-droit-2018-2019-0391-300x225.jpg 300w, https:\/\/blog.univ-angers.fr\/capacite\/files\/2018\/12\/s\u00e9minaire-de-rentr\u00e9e-capacit\u00e9-en-droit-2018-2019-0391-1024x768.jpg 1024w, https:\/\/blog.univ-angers.fr\/capacite\/files\/2018\/12\/s\u00e9minaire-de-rentr\u00e9e-capacit\u00e9-en-droit-2018-2019-0391-400x300.jpg 400w\" sizes=\"auto, (max-width: 300px) 100vw, 300px\" \/><\/a><\/p>\n<p><a href=\"https:\/\/blog.univ-angers.fr\/capacite\/files\/2018\/12\/s\u00e9minaire-de-rentr\u00e9e-capacit\u00e9-en-droit-2018-2019-0411.jpg\"><img loading=\"lazy\" decoding=\"async\" class=\"alignleft size-medium wp-image-114\" alt=\"s\u00e9minaire de rentr\u00e9e capacit\u00e9 en droit 2018-2019 041\" src=\"https:\/\/blog.univ-angers.fr\/capacite\/files\/2018\/12\/s\u00e9minaire-de-rentr\u00e9e-capacit\u00e9-en-droit-2018-2019-0411-300x225.jpg\" width=\"300\" height=\"225\" srcset=\"https:\/\/blog.univ-angers.fr\/capacite\/files\/2018\/12\/s\u00e9minaire-de-rentr\u00e9e-capacit\u00e9-en-droit-2018-2019-0411-300x225.jpg 300w, https:\/\/blog.univ-angers.fr\/capacite\/files\/2018\/12\/s\u00e9minaire-de-rentr\u00e9e-capacit\u00e9-en-droit-2018-2019-0411-1024x768.jpg 1024w, https:\/\/blog.univ-angers.fr\/capacite\/files\/2018\/12\/s\u00e9minaire-de-rentr\u00e9e-capacit\u00e9-en-droit-2018-2019-0411-400x300.jpg 400w\" sizes=\"auto, (max-width: 300px) 100vw, 300px\" \/><\/a><\/p>\n<p><a href=\"https:\/\/blog.univ-angers.fr\/capacite\/files\/2018\/12\/s\u00e9minaire-de-rentr\u00e9e-capacit\u00e9-en-droit-2018-2019-0441.jpg\"><img loading=\"lazy\" decoding=\"async\" class=\"alignleft size-medium wp-image-117\" alt=\"s\u00e9minaire de rentr\u00e9e capacit\u00e9 en droit 2018-2019 044\" src=\"https:\/\/blog.univ-angers.fr\/capacite\/files\/2018\/12\/s\u00e9minaire-de-rentr\u00e9e-capacit\u00e9-en-droit-2018-2019-0441-300x225.jpg\" width=\"300\" height=\"225\" srcset=\"https:\/\/blog.univ-angers.fr\/capacite\/files\/2018\/12\/s\u00e9minaire-de-rentr\u00e9e-capacit\u00e9-en-droit-2018-2019-0441-300x225.jpg 300w, https:\/\/blog.univ-angers.fr\/capacite\/files\/2018\/12\/s\u00e9minaire-de-rentr\u00e9e-capacit\u00e9-en-droit-2018-2019-0441-1024x768.jpg 1024w, https:\/\/blog.univ-angers.fr\/capacite\/files\/2018\/12\/s\u00e9minaire-de-rentr\u00e9e-capacit\u00e9-en-droit-2018-2019-0441-400x300.jpg 400w\" sizes=\"auto, (max-width: 300px) 100vw, 300px\" \/><\/a><\/p>\n<p><a href=\"https:\/\/blog.univ-angers.fr\/capacite\/files\/2018\/12\/s\u00e9minaire-de-rentr\u00e9e-capacit\u00e9-en-droit-2018-2019-0451.jpg\"><img loading=\"lazy\" decoding=\"async\" class=\"alignleft size-medium wp-image-118\" alt=\"s\u00e9minaire de rentr\u00e9e capacit\u00e9 en droit 2018-2019 045\" src=\"https:\/\/blog.univ-angers.fr\/capacite\/files\/2018\/12\/s\u00e9minaire-de-rentr\u00e9e-capacit\u00e9-en-droit-2018-2019-0451-300x225.jpg\" width=\"300\" height=\"225\" srcset=\"https:\/\/blog.univ-angers.fr\/capacite\/files\/2018\/12\/s\u00e9minaire-de-rentr\u00e9e-capacit\u00e9-en-droit-2018-2019-0451-300x225.jpg 300w, https:\/\/blog.univ-angers.fr\/capacite\/files\/2018\/12\/s\u00e9minaire-de-rentr\u00e9e-capacit\u00e9-en-droit-2018-2019-0451-1024x768.jpg 1024w, https:\/\/blog.univ-angers.fr\/capacite\/files\/2018\/12\/s\u00e9minaire-de-rentr\u00e9e-capacit\u00e9-en-droit-2018-2019-0451-400x300.jpg 400w\" sizes=\"auto, (max-width: 300px) 100vw, 300px\" \/><\/a><\/p>\n<p><a href=\"https:\/\/blog.univ-angers.fr\/capacite\/files\/2018\/12\/s\u00e9minaire-de-rentr\u00e9e-capacit\u00e9-en-droit-2018-2019-0461.jpg\"><img loading=\"lazy\" decoding=\"async\" class=\"alignleft size-medium wp-image-119\" alt=\"s\u00e9minaire de rentr\u00e9e capacit\u00e9 en droit 2018-2019 046\" src=\"https:\/\/blog.univ-angers.fr\/capacite\/files\/2018\/12\/s\u00e9minaire-de-rentr\u00e9e-capacit\u00e9-en-droit-2018-2019-0461-300x225.jpg\" width=\"300\" height=\"225\" srcset=\"https:\/\/blog.univ-angers.fr\/capacite\/files\/2018\/12\/s\u00e9minaire-de-rentr\u00e9e-capacit\u00e9-en-droit-2018-2019-0461-300x225.jpg 300w, https:\/\/blog.univ-angers.fr\/capacite\/files\/2018\/12\/s\u00e9minaire-de-rentr\u00e9e-capacit\u00e9-en-droit-2018-2019-0461-1024x768.jpg 1024w, https:\/\/blog.univ-angers.fr\/capacite\/files\/2018\/12\/s\u00e9minaire-de-rentr\u00e9e-capacit\u00e9-en-droit-2018-2019-0461-400x300.jpg 400w\" sizes=\"auto, (max-width: 300px) 100vw, 300px\" \/><\/a><\/p>\n<p><a href=\"https:\/\/blog.univ-angers.fr\/capacite\/files\/2018\/12\/s\u00e9minaire-de-rentr\u00e9e-capacit\u00e9-en-droit-2018-2019-0471.jpg\"><img loading=\"lazy\" decoding=\"async\" class=\"alignleft size-medium wp-image-120\" alt=\"s\u00e9minaire de rentr\u00e9e capacit\u00e9 en droit 2018-2019 047\" src=\"https:\/\/blog.univ-angers.fr\/capacite\/files\/2018\/12\/s\u00e9minaire-de-rentr\u00e9e-capacit\u00e9-en-droit-2018-2019-0471-300x225.jpg\" width=\"300\" height=\"225\" srcset=\"https:\/\/blog.univ-angers.fr\/capacite\/files\/2018\/12\/s\u00e9minaire-de-rentr\u00e9e-capacit\u00e9-en-droit-2018-2019-0471-300x225.jpg 300w, https:\/\/blog.univ-angers.fr\/capacite\/files\/2018\/12\/s\u00e9minaire-de-rentr\u00e9e-capacit\u00e9-en-droit-2018-2019-0471-1024x768.jpg 1024w, https:\/\/blog.univ-angers.fr\/capacite\/files\/2018\/12\/s\u00e9minaire-de-rentr\u00e9e-capacit\u00e9-en-droit-2018-2019-0471-400x300.jpg 400w\" sizes=\"auto, (max-width: 300px) 100vw, 300px\" \/><\/a><\/p>\n<p><a href=\"https:\/\/blog.univ-angers.fr\/capacite\/files\/2018\/12\/s\u00e9minaire-de-rentr\u00e9e-capacit\u00e9-en-droit-2018-2019-0321.jpg\"><img loading=\"lazy\" decoding=\"async\" class=\"alignleft size-medium wp-image-105\" alt=\"s\u00e9minaire de rentr\u00e9e capacit\u00e9 en droit 2018-2019 032\" src=\"https:\/\/blog.univ-angers.fr\/capacite\/files\/2018\/12\/s\u00e9minaire-de-rentr\u00e9e-capacit\u00e9-en-droit-2018-2019-0321-300x225.jpg\" width=\"300\" height=\"225\" srcset=\"https:\/\/blog.univ-angers.fr\/capacite\/files\/2018\/12\/s\u00e9minaire-de-rentr\u00e9e-capacit\u00e9-en-droit-2018-2019-0321-300x225.jpg 300w, https:\/\/blog.univ-angers.fr\/capacite\/files\/2018\/12\/s\u00e9minaire-de-rentr\u00e9e-capacit\u00e9-en-droit-2018-2019-0321-1024x768.jpg 1024w, https:\/\/blog.univ-angers.fr\/capacite\/files\/2018\/12\/s\u00e9minaire-de-rentr\u00e9e-capacit\u00e9-en-droit-2018-2019-0321-400x300.jpg 400w\" sizes=\"auto, (max-width: 300px) 100vw, 300px\" \/><\/a><\/p>\n<p><a href=\"https:\/\/blog.univ-angers.fr\/capacite\/files\/2018\/12\/s\u00e9minaire-de-rentr\u00e9e-capacit\u00e9-en-droit-2018-2019-0311.jpg\"><img loading=\"lazy\" decoding=\"async\" class=\"alignleft size-medium wp-image-104\" alt=\"s\u00e9minaire de rentr\u00e9e capacit\u00e9 en droit 2018-2019 031\" src=\"https:\/\/blog.univ-angers.fr\/capacite\/files\/2018\/12\/s\u00e9minaire-de-rentr\u00e9e-capacit\u00e9-en-droit-2018-2019-0311-300x225.jpg\" width=\"300\" height=\"225\" srcset=\"https:\/\/blog.univ-angers.fr\/capacite\/files\/2018\/12\/s\u00e9minaire-de-rentr\u00e9e-capacit\u00e9-en-droit-2018-2019-0311-300x225.jpg 300w, https:\/\/blog.univ-angers.fr\/capacite\/files\/2018\/12\/s\u00e9minaire-de-rentr\u00e9e-capacit\u00e9-en-droit-2018-2019-0311-1024x768.jpg 1024w, https:\/\/blog.univ-angers.fr\/capacite\/files\/2018\/12\/s\u00e9minaire-de-rentr\u00e9e-capacit\u00e9-en-droit-2018-2019-0311-400x300.jpg 400w\" sizes=\"auto, (max-width: 300px) 100vw, 300px\" \/><\/a><\/p>\n","protected":false},"excerpt":{"rendered":"<p>Rencontre nouveaux et anciens \u00e9tudiants en capacit\u00e9 en droit 2\u00e8me ann\u00e9e<\/p>\n","protected":false},"author":14389,"featured_media":0,"comment_status":"closed","ping_status":"open","sticky":false,"template":"","format":"standard","meta":{"footnotes":""},"categories":[5],"tags":[104,103],"class_list":["post-122","post","type-post","status-publish","format-standard","hentry","category-evenements","tag-ceremonie","tag-remise-des-diplomes"],"_links":{"self":[{"href":"https:\/\/blog.univ-angers.fr\/capacite\/wp-json\/wp\/v2\/posts\/122","targetHints":{"allow":["GET"]}}],"collection":[{"href":"https:\/\/blog.univ-angers.fr\/capacite\/wp-json\/wp\/v2\/posts"}],"about":[{"href":"https:\/\/blog.univ-angers.fr\/capacite\/wp-json\/wp\/v2\/types\/post"}],"author":[{"embeddable":true,"href":"https:\/\/blog.univ-angers.fr\/capacite\/wp-json\/wp\/v2\/users\/14389"}],"replies":[{"embeddable":true,"href":"https:\/\/blog.univ-angers.fr\/capacite\/wp-json\/wp\/v2\/comments?post=122"}],"version-history":[{"count":0,"href":"https:\/\/blog.univ-angers.fr\/capacite\/wp-json\/wp\/v2\/posts\/122\/revisions"}],"wp:attachment":[{"href":"https:\/\/blog.univ-angers.fr\/capacite\/wp-json\/wp\/v2\/media?parent=122"}],"wp:term":[{"taxonomy":"category","embeddable":true,"href":"https:\/\/blog.univ-angers.fr\/capacite\/wp-json\/wp\/v2\/categories?post=122"},{"taxonomy":"post_tag","embeddable":true,"href":"https:\/\/blog.univ-angers.fr\/capacite\/wp-json\/wp\/v2\/tags?post=122"}],"curies":[{"name":"wp","href":"https:\/\/api.w.org\/{rel}","templated":true}]}}