{"id":93,"date":"2016-03-01T15:33:15","date_gmt":"2016-03-01T14:33:15","guid":{"rendered":"https:\/\/blog.univ-angers.fr\/buapro\/?p=93"},"modified":"2018-05-02T17:53:05","modified_gmt":"2018-05-02T16:53:05","slug":"methodes-ux-active-learning-et-formation-des-usagers-episode-6-cas-pratique-les-formations-au-droit-dauteur","status":"publish","type":"post","link":"https:\/\/blog.univ-angers.fr\/buapro\/2016\/03\/01\/methodes-ux-active-learning-et-formation-des-usagers-episode-6-cas-pratique-les-formations-au-droit-dauteur\/","title":{"rendered":"M\u00e9thodes Ux, active learning et formation des usagers (\u00e9pisode 6) : cas pratique, les formations au droit d&#8217;auteur"},"content":{"rendered":"<div id=\"attachment_94\" style=\"width: 310px\" class=\"wp-caption alignleft\"><a href=\"https:\/\/blog.univ-angers.fr\/buapro\/files\/2016\/04\/Formation-droit-dauteur-doctorants-\uf027-09\uf02203\uf0222015-41.jpg\"><img loading=\"lazy\" decoding=\"async\" aria-describedby=\"caption-attachment-94\" class=\"size-medium wp-image-94\" alt=\"Formation droit d'auteur doctorants 2015 - BUA\" src=\"https:\/\/blog.univ-angers.fr\/buapro\/files\/2016\/04\/Formation-droit-dauteur-doctorants-\uf027-09\uf02203\uf0222015-41-300x200.jpg\" width=\"300\" height=\"200\" srcset=\"https:\/\/blog.univ-angers.fr\/buapro\/files\/2016\/04\/Formation-droit-dauteur-doctorants-\uf027-09\uf02203\uf0222015-41-300x200.jpg 300w, https:\/\/blog.univ-angers.fr\/buapro\/files\/2016\/04\/Formation-droit-dauteur-doctorants-\uf027-09\uf02203\uf0222015-41-1024x682.jpg 1024w, https:\/\/blog.univ-angers.fr\/buapro\/files\/2016\/04\/Formation-droit-dauteur-doctorants-\uf027-09\uf02203\uf0222015-41-449x300.jpg 449w\" sizes=\"auto, (max-width: 300px) 100vw, 300px\" \/><\/a><p id=\"caption-attachment-94\" class=\"wp-caption-text\">Formation droit d&#8217;auteur doctorants 2015 &#8211; BUA<\/p><\/div>\n<p style=\"text-align: justify\">J&#8217;\u00e9voquerai ici deux formations, qui prennent place dans le cadre de la campagne anti-plagiat men\u00e9e \u00e0 l&#8217;Universit\u00e9 d&#8217;Angers,<a href=\"https:\/\/blog.univ-angers.fr\/buapro\/2016\/04\/12\/le-projet-anti-plagiat-du-baton-a-la-carotte\/\" target=\"_blank\"> d\u00e9taill\u00e9e dans un autre billet<\/a>.<!--more-->Vous trouverez sur<a href=\"https:\/\/www.dropbox.com\/s\/n417uy02ci7t7eg\/Sensibilisation%20au%20plagiat%20-%201%C3%A8re%20ann%C3%A9e%20ISTIA.docx?dl=0\" target=\"_blank\"> ce lien<\/a> la s\u00e9ance que nous avons pu r\u00e9aliser avec\u00a0 des \u00e9l\u00e8ves de 1\u00e8re ann\u00e9e en \u00e9cole d&#8217;ing\u00e9nieurs. Vous verrez que la trame est relativement succinte, puisque tout se passe pendant la s\u00e9ance, \u00e0 partir des remarques et des r\u00e9flexions issues du travail par groupes. L&#8217;id\u00e9e est vraiment de partir de leurs repr\u00e9sentations (personne n&#8217;arrive jamais vierge sur un tel sujet), que chacun s&#8217;enrichisse des autres, et que le formateur soit plut\u00f4t un animateur qui compl\u00e8te, corrige parfois, mais permet surtout \u00e0 la parole de circuler. Les s\u00e9ances sont tr\u00e8s appr\u00e9ci\u00e9es par les \u00e9tudiants, qui ont toujours beaucoup de questions et d&#8217;interrogations sur des cas pratiques.<\/p>\n<p style=\"text-align: justify\">La deuxi\u00e8me s\u00e9ance est une s\u00e9ance \u00e0 destination des doctorants, sur le droit de la propri\u00e9t\u00e9 intellectuelle et le droit d&#8217;auteur, qui a connu de maints remaniements au fil des ann\u00e9es, que j&#8217;ai d\u00e9j\u00e0 pu aborder <a href=\"http:\/\/fr.slideshare.net\/maudpuaud\/maud-puaud-prsentation-ilib15-le-droit-dauteur-amusant\" target=\"_blank\">ici <\/a>ou <a href=\"http:\/\/infolit.be\/docs\/Actes_ILIB15.pdf\" target=\"_blank\">l\u00e0, <\/a>lors du <a href=\"http:\/\/infolit.be\/ILIB15\" target=\"_blank\">colloque #ILIB15<\/a> \u00e0 Gembloux. Nous avions choisi cette ann\u00e9e d&#8217;avoir une s\u00e9ance enti\u00e8rement construite par les participants, alors que l&#8217;ann\u00e9e pr\u00e9c\u00e9dente, les questions du quiz \u00e9taient r\u00e9dig\u00e9es par le formateur, et la s\u00e9ance consistait \u00e0 explorer certaines ressources indiqu\u00e9es pour trouver la r\u00e9ponse \u00e0 des cas pratiques. Nous avons utilis\u00e9 de nombreuses techniques d&#8217;active learning dans cette s\u00e9ance : brainstorming,\u00a0 travail de groupes avec production, peer instruction, quiz de r\u00e9appropriation construit par les \u00e9tudiants eux-m\u00eames. Vous trouverez <a href=\"https:\/\/www.dropbox.com\/s\/7ym8em8p3e5oz1c\/trame%20formation%20droits%20d%27auteur%202015-2016.ods?dl=0\" target=\"_blank\">sur ce lien<\/a> la derni\u00e8re version de la s\u00e9ance, sur laquelle les retours ont \u00e9t\u00e9 extr\u00e8mement positifs, que ce soit sur la forme ou sur le contenu : le seul regret de certains \u00e9tudiants \u00e9tait de ne pas disposer de suffisamment de temps pour approfondir certaines notions (alors que la s\u00e9ance durait d\u00e9j\u00e0 plus de 4h&#8230;) De notre c\u00f4t\u00e9, nous avons pu noter beaucoup d&#8217;\u00e9changes entre les participants (m\u00eame entre des francophones et un anglophone !) et un vrai engagement dans la construction de la s\u00e9ance.<\/p>\n<p style=\"text-align: justify\">Voici quelques exemples de s\u00e9ances que nous avons pu mener en <em>active learning<\/em> : elles ne n\u00e9cessitent pas un mat\u00e9riel d\u00e9mesur\u00e9 ni la ma\u00eetrise technique de plates-formes interactives compliqu\u00e9es, et nous en avons rapidement ressenti les effets positifs : plus d&#8217;engagement, plus de participation, plus d&#8217;attention&#8230; et au final une meilleure exp\u00e9rience utilisateur, o\u00f9 les \u00e9tudiants se souviendront d&#8217;avoir appris et construit des choses ensemble et de s&#8217;\u00eatre amus\u00e9s. Que demander de plus ?<\/p>\n<!-- AddThis Advanced Settings generic via filter on the_content --><!-- AddThis Share Buttons generic via filter on the_content -->","protected":false},"excerpt":{"rendered":"<p>J&#8217;\u00e9voquerai ici deux formations, qui prennent place dans le cadre de la campagne anti-plagiat men\u00e9e \u00e0 l&#8217;Universit\u00e9 d&#8217;Angers, d\u00e9taill\u00e9e dans un autre billet.<!-- AddThis Advanced Settings generic via filter on get_the_excerpt --><!-- AddThis Share Buttons generic via filter on get_the_excerpt --><\/p>\n","protected":false},"author":10209,"featured_media":0,"comment_status":"closed","ping_status":"open","sticky":false,"template":"","format":"standard","meta":{"footnotes":""},"categories":[90,94],"tags":[10,27,13,16,28,17,18],"class_list":["post-93","post","type-post","status-publish","format-standard","hentry","category-formation","category-ux-services","tag-active-learning","tag-droit-dauteur","tag-formation-des-usagers","tag-pedagogie-active","tag-plagiat","tag-user-experience","tag-ux"],"_links":{"self":[{"href":"https:\/\/blog.univ-angers.fr\/buapro\/wp-json\/wp\/v2\/posts\/93","targetHints":{"allow":["GET"]}}],"collection":[{"href":"https:\/\/blog.univ-angers.fr\/buapro\/wp-json\/wp\/v2\/posts"}],"about":[{"href":"https:\/\/blog.univ-angers.fr\/buapro\/wp-json\/wp\/v2\/types\/post"}],"author":[{"embeddable":true,"href":"https:\/\/blog.univ-angers.fr\/buapro\/wp-json\/wp\/v2\/users\/10209"}],"replies":[{"embeddable":true,"href":"https:\/\/blog.univ-angers.fr\/buapro\/wp-json\/wp\/v2\/comments?post=93"}],"version-history":[{"count":0,"href":"https:\/\/blog.univ-angers.fr\/buapro\/wp-json\/wp\/v2\/posts\/93\/revisions"}],"wp:attachment":[{"href":"https:\/\/blog.univ-angers.fr\/buapro\/wp-json\/wp\/v2\/media?parent=93"}],"wp:term":[{"taxonomy":"category","embeddable":true,"href":"https:\/\/blog.univ-angers.fr\/buapro\/wp-json\/wp\/v2\/categories?post=93"},{"taxonomy":"post_tag","embeddable":true,"href":"https:\/\/blog.univ-angers.fr\/buapro\/wp-json\/wp\/v2\/tags?post=93"}],"curies":[{"name":"wp","href":"https:\/\/api.w.org\/{rel}","templated":true}]}}